{"id":1100085466,"date":"2023-09-25T09:37:32","date_gmt":"2023-09-25T07:37:32","guid":{"rendered":"https:\/\/www.group-indigo.com\/communique-de-presse\/alexandre-de-juniac-nuevo-presidente-del-consejo-de-supervision-del-grupo-indigo\/"},"modified":"2025-06-26T18:30:17","modified_gmt":"2025-06-26T16:30:17","slug":"alexandre-de-juniac-nuevo-presidente-del-consejo-de-supervision-del-grupo-indigo","status":"publish","type":"communique-de-presse","link":"https:\/\/www.group-indigo.com\/es\/presse\/communique\/alexandre-de-juniac-nuevo-presidente-del-consejo-de-supervision-del-grupo-indigo\/","title":{"rendered":"Alexandre de Juniac, nuevo Presidente del Consejo de Supervisi\u00f3n del Grupo Indigo"},"content":{"rendered":"<p><strong>El Consejo de Supervisi\u00f3n del Grupo Indigo ha nombrado hoy por unanimidad a su nuevo Presidente, Alexandre de Juniac.  <\/strong><\/p>\r\n<p>Alexandre de Juniac sucede a Michel Bleitrach, a quien el Consejo de Supervisi\u00f3n rindi\u00f3 un sentido homenaje por su compromiso desde 2014. Michel Bleitrach ha acompa\u00f1ado la creaci\u00f3n de Indigo y todas las grandes etapas del desarrollo del Grupo, ya sea a nivel internacional, en la digitalizaci\u00f3n de sus actividades o en sus servicios para las nuevas formas de movilidad. <\/p>\r\n<p>Mounir Corm, en representaci\u00f3n de Vauban Infrastructure Partners, contin\u00faa como Vicepresidente del Consejo de Supervisi\u00f3n.<\/p>\r\n<p>Alexandre de Juniac (X, ENA) es un alto funcionario y director de empresa experto en transporte a\u00e9reo. Ocup\u00f3 diversos cargos en el grupo Thal\u00e8s durante 14 a\u00f1os, antes de convertirse en jefe de gabinete de Christine Lagarde, ministra de Econom\u00eda, Industria y Empleo, de 2009 a 2011. A continuaci\u00f3n fue nombrado Presidente y Director General de Air France y despu\u00e9s de Air France-KLM. Fue Director General de la Asociaci\u00f3n de Transporte A\u00e9reo Internacional (IATA) de 2016 a 2021.   <\/p>\r\n<p>Alexandre de Juniac dijo:<\/p>\r\n\n\n<section class=\"gut-block gut-citation bg-color-blanc\" >\n\t<div class=\"wrap grid-container\">\n\t\t<div class=\"grid-el-tb-10 grid-el-centered\">\n\t\t\t<blockquote class=\"citation\">\n\t\t\t\t<p>\u00abEstoy encantado de poder poner mi experiencia al servicio del Grupo Indigo, l\u00edder mundial en aparcamientos, apoyando su desarrollo din\u00e1mico y sus innovaciones tecnol\u00f3gicas, y ayud\u00e1ndole a afrontar los retos que plantean las nuevas formas de movilidad urbana\u00bb.<\/p>\n\t\t\t<\/blockquote>\n\n\t\t\t\n\t\t\t\t\t<\/div>\n\t<\/div>\n<\/section><p>El Consejo de Administraci\u00f3n del Grupo Indigo est\u00e1 presidido por S\u00e9bastien Fraisse desde el 1 de abril de 2023.<\/p>\r\n<p>&nbsp;<\/p>\r\n","protected":false},"featured_media":0,"template":"","meta":{"_acf_changed":false,"inline_featured_image":false,"footnotes":""},"class_list":["post-1100085466","communique-de-presse","type-communique-de-presse","status-publish","hentry"],"acf":[],"yoast_head":"<!-- This site is optimized with the Yoast SEO plugin v27.2 - https:\/\/yoast.com\/product\/yoast-seo-wordpress\/ -->\n<title>Alexandre de Juniac, nuevo Presidente del Consejo de Supervisi\u00f3n del Grupo Indigo - Groupe INDIGO<\/title>\n<meta name=\"robots\" content=\"index, follow, max-snippet:-1, max-image-preview:large, max-video-preview:-1\" \/>\n<link rel=\"canonical\" href=\"https:\/\/www.group-indigo.com\/es\/presse\/communique\/alexandre-de-juniac-nuevo-presidente-del-consejo-de-supervision-del-grupo-indigo\/\" \/>\n<meta property=\"og:locale\" content=\"es_ES\" \/>\n<meta property=\"og:type\" content=\"article\" \/>\n<meta property=\"og:title\" content=\"Alexandre de Juniac, nuevo Presidente del Consejo de Supervisi\u00f3n del Grupo Indigo - Groupe INDIGO\" \/>\n<meta property=\"og:description\" content=\"El Consejo de Supervisi\u00f3n del Grupo Indigo ha nombrado hoy por unanimidad a su nuevo Presidente, Alexandre de Juniac. Alexandre de Juniac sucede a Michel Bleitrach, a quien el Consejo de Supervisi\u00f3n rindi\u00f3 un sentido homenaje por su compromiso desde 2014. Michel Bleitrach ha acompa\u00f1ado la creaci\u00f3n de Indigo y todas las grandes etapas del [&hellip;]\" \/>\n<meta property=\"og:url\" content=\"https:\/\/www.group-indigo.com\/es\/presse\/communique\/alexandre-de-juniac-nuevo-presidente-del-consejo-de-supervision-del-grupo-indigo\/\" \/>\n<meta property=\"og:site_name\" content=\"Groupe INDIGO\" \/>\n<meta property=\"article:modified_time\" content=\"2025-06-26T16:30:17+00:00\" \/>\n<meta name=\"twitter:card\" content=\"summary_large_image\" \/>\n<script type=\"application\/ld+json\" class=\"yoast-schema-graph\">{\"@context\":\"https:\/\/schema.org\",\"@graph\":[{\"@type\":\"WebPage\",\"@id\":\"https:\/\/www.group-indigo.com\/es\/presse\/communique\/alexandre-de-juniac-nuevo-presidente-del-consejo-de-supervision-del-grupo-indigo\/\",\"url\":\"https:\/\/www.group-indigo.com\/es\/presse\/communique\/alexandre-de-juniac-nuevo-presidente-del-consejo-de-supervision-del-grupo-indigo\/\",\"name\":\"Alexandre de Juniac, nuevo Presidente del Consejo de Supervisi\u00f3n del Grupo Indigo - Groupe INDIGO\",\"isPartOf\":{\"@id\":\"https:\/\/www.group-indigo.com\/es\/#website\"},\"datePublished\":\"2023-09-25T07:37:32+00:00\",\"dateModified\":\"2025-06-26T16:30:17+00:00\",\"breadcrumb\":{\"@id\":\"https:\/\/www.group-indigo.com\/es\/presse\/communique\/alexandre-de-juniac-nuevo-presidente-del-consejo-de-supervision-del-grupo-indigo\/#breadcrumb\"},\"inLanguage\":\"es\",\"potentialAction\":[{\"@type\":\"ReadAction\",\"target\":[\"https:\/\/www.group-indigo.com\/es\/presse\/communique\/alexandre-de-juniac-nuevo-presidente-del-consejo-de-supervision-del-grupo-indigo\/\"]}]},{\"@type\":\"BreadcrumbList\",\"@id\":\"https:\/\/www.group-indigo.com\/es\/presse\/communique\/alexandre-de-juniac-nuevo-presidente-del-consejo-de-supervision-del-grupo-indigo\/#breadcrumb\",\"itemListElement\":[{\"@type\":\"ListItem\",\"position\":1,\"name\":\"Home\",\"item\":\"https:\/\/www.group-indigo.com\/es\/\"},{\"@type\":\"ListItem\",\"position\":2,\"name\":\"Alexandre de Juniac, nuevo Presidente del Consejo de Supervisi\u00f3n del Grupo Indigo\"}]},{\"@type\":\"WebSite\",\"@id\":\"https:\/\/www.group-indigo.com\/es\/#website\",\"url\":\"https:\/\/www.group-indigo.com\/es\/\",\"name\":\"Groupe INDIGO\",\"description\":\"\",\"publisher\":{\"@id\":\"https:\/\/www.group-indigo.com\/es\/#organization\"},\"potentialAction\":[{\"@type\":\"SearchAction\",\"target\":{\"@type\":\"EntryPoint\",\"urlTemplate\":\"https:\/\/www.group-indigo.com\/es\/?s={search_term_string}\"},\"query-input\":{\"@type\":\"PropertyValueSpecification\",\"valueRequired\":true,\"valueName\":\"search_term_string\"}}],\"inLanguage\":\"es\"},{\"@type\":\"Organization\",\"@id\":\"https:\/\/www.group-indigo.com\/es\/#organization\",\"name\":\"Groupe INDIGO\",\"url\":\"https:\/\/www.group-indigo.com\/es\/\",\"logo\":{\"@type\":\"ImageObject\",\"inLanguage\":\"es\",\"@id\":\"https:\/\/www.group-indigo.com\/es\/#\/schema\/logo\/image\/\",\"url\":\"https:\/\/www.group-indigo.com\/wp-content\/uploads\/2026\/03\/login-logo.svg\",\"contentUrl\":\"https:\/\/www.group-indigo.com\/wp-content\/uploads\/2026\/03\/login-logo.svg\",\"width\":223,\"height\":49,\"caption\":\"Groupe INDIGO\"},\"image\":{\"@id\":\"https:\/\/www.group-indigo.com\/es\/#\/schema\/logo\/image\/\"}}]}<\/script>\n<!-- \/ Yoast SEO plugin. -->","yoast_head_json":{"title":"Alexandre de Juniac, nuevo Presidente del Consejo de Supervisi\u00f3n del Grupo Indigo - Groupe INDIGO","robots":{"index":"index","follow":"follow","max-snippet":"max-snippet:-1","max-image-preview":"max-image-preview:large","max-video-preview":"max-video-preview:-1"},"canonical":"https:\/\/www.group-indigo.com\/es\/presse\/communique\/alexandre-de-juniac-nuevo-presidente-del-consejo-de-supervision-del-grupo-indigo\/","og_locale":"es_ES","og_type":"article","og_title":"Alexandre de Juniac, nuevo Presidente del Consejo de Supervisi\u00f3n del Grupo Indigo - Groupe INDIGO","og_description":"El Consejo de Supervisi\u00f3n del Grupo Indigo ha nombrado hoy por unanimidad a su nuevo Presidente, Alexandre de Juniac. Alexandre de Juniac sucede a Michel Bleitrach, a quien el Consejo de Supervisi\u00f3n rindi\u00f3 un sentido homenaje por su compromiso desde 2014. Michel Bleitrach ha acompa\u00f1ado la creaci\u00f3n de Indigo y todas las grandes etapas del [&hellip;]","og_url":"https:\/\/www.group-indigo.com\/es\/presse\/communique\/alexandre-de-juniac-nuevo-presidente-del-consejo-de-supervision-del-grupo-indigo\/","og_site_name":"Groupe INDIGO","article_modified_time":"2025-06-26T16:30:17+00:00","twitter_card":"summary_large_image","schema":{"@context":"https:\/\/schema.org","@graph":[{"@type":"WebPage","@id":"https:\/\/www.group-indigo.com\/es\/presse\/communique\/alexandre-de-juniac-nuevo-presidente-del-consejo-de-supervision-del-grupo-indigo\/","url":"https:\/\/www.group-indigo.com\/es\/presse\/communique\/alexandre-de-juniac-nuevo-presidente-del-consejo-de-supervision-del-grupo-indigo\/","name":"Alexandre de Juniac, nuevo Presidente del Consejo de Supervisi\u00f3n del Grupo Indigo - Groupe INDIGO","isPartOf":{"@id":"https:\/\/www.group-indigo.com\/es\/#website"},"datePublished":"2023-09-25T07:37:32+00:00","dateModified":"2025-06-26T16:30:17+00:00","breadcrumb":{"@id":"https:\/\/www.group-indigo.com\/es\/presse\/communique\/alexandre-de-juniac-nuevo-presidente-del-consejo-de-supervision-del-grupo-indigo\/#breadcrumb"},"inLanguage":"es","potentialAction":[{"@type":"ReadAction","target":["https:\/\/www.group-indigo.com\/es\/presse\/communique\/alexandre-de-juniac-nuevo-presidente-del-consejo-de-supervision-del-grupo-indigo\/"]}]},{"@type":"BreadcrumbList","@id":"https:\/\/www.group-indigo.com\/es\/presse\/communique\/alexandre-de-juniac-nuevo-presidente-del-consejo-de-supervision-del-grupo-indigo\/#breadcrumb","itemListElement":[{"@type":"ListItem","position":1,"name":"Home","item":"https:\/\/www.group-indigo.com\/es\/"},{"@type":"ListItem","position":2,"name":"Alexandre de Juniac, nuevo Presidente del Consejo de Supervisi\u00f3n del Grupo Indigo"}]},{"@type":"WebSite","@id":"https:\/\/www.group-indigo.com\/es\/#website","url":"https:\/\/www.group-indigo.com\/es\/","name":"Groupe INDIGO","description":"","publisher":{"@id":"https:\/\/www.group-indigo.com\/es\/#organization"},"potentialAction":[{"@type":"SearchAction","target":{"@type":"EntryPoint","urlTemplate":"https:\/\/www.group-indigo.com\/es\/?s={search_term_string}"},"query-input":{"@type":"PropertyValueSpecification","valueRequired":true,"valueName":"search_term_string"}}],"inLanguage":"es"},{"@type":"Organization","@id":"https:\/\/www.group-indigo.com\/es\/#organization","name":"Groupe INDIGO","url":"https:\/\/www.group-indigo.com\/es\/","logo":{"@type":"ImageObject","inLanguage":"es","@id":"https:\/\/www.group-indigo.com\/es\/#\/schema\/logo\/image\/","url":"https:\/\/www.group-indigo.com\/wp-content\/uploads\/2026\/03\/login-logo.svg","contentUrl":"https:\/\/www.group-indigo.com\/wp-content\/uploads\/2026\/03\/login-logo.svg","width":223,"height":49,"caption":"Groupe INDIGO"},"image":{"@id":"https:\/\/www.group-indigo.com\/es\/#\/schema\/logo\/image\/"}}]}},"_links":{"self":[{"href":"https:\/\/www.group-indigo.com\/es\/wp-json\/wp\/v2\/communique-de-presse\/1100085466","targetHints":{"allow":["GET"]}}],"collection":[{"href":"https:\/\/www.group-indigo.com\/es\/wp-json\/wp\/v2\/communique-de-presse"}],"about":[{"href":"https:\/\/www.group-indigo.com\/es\/wp-json\/wp\/v2\/types\/communique-de-presse"}],"version-history":[{"count":1,"href":"https:\/\/www.group-indigo.com\/es\/wp-json\/wp\/v2\/communique-de-presse\/1100085466\/revisions"}],"predecessor-version":[{"id":1100085467,"href":"https:\/\/www.group-indigo.com\/es\/wp-json\/wp\/v2\/communique-de-presse\/1100085466\/revisions\/1100085467"}],"wp:attachment":[{"href":"https:\/\/www.group-indigo.com\/es\/wp-json\/wp\/v2\/media?parent=1100085466"}],"curies":[{"name":"wp","href":"https:\/\/api.w.org\/{rel}","templated":true}]}}