{"id":1100085543,"date":"2022-01-19T09:43:20","date_gmt":"2022-01-19T08:43:20","guid":{"rendered":"https:\/\/www.group-indigo.com\/communique-de-presse\/el-grupo-indigo-y-dominique-perrault-architecture-lanzan-un-concurso-internacional-de-arquitectura-para-disenar-el-aparcamiento-del-futuro\/"},"modified":"2025-06-26T18:40:22","modified_gmt":"2025-06-26T16:40:22","slug":"el-grupo-indigo-y-dominique-perrault-architecture-lanzan-un-concurso-internacional-de-arquitectura-para-disenar-el-aparcamiento-del-futuro","status":"publish","type":"communique-de-presse","link":"https:\/\/www.group-indigo.com\/es\/presse\/communique\/el-grupo-indigo-y-dominique-perrault-architecture-lanzan-un-concurso-internacional-de-arquitectura-para-disenar-el-aparcamiento-del-futuro\/","title":{"rendered":"El Grupo INDIGO y Dominique Perrault Architecture lanzan un concurso internacional de arquitectura para dise\u00f1ar el aparcamiento del futuro"},"content":{"rendered":"\n<p><strong>Tras el estudio Carpark Futures realizado en 2020 y el curso en l\u00ednea dedicado a la arquitectura subterr\u00e1nea que se inaugurar\u00e1 en oto\u00f1o de 2021 con la \u00c9cole Polytechnique F\u00e9d\u00e9rale de Lausana, el Grupo INDIGO y DPA-X, el laboratorio de investigaci\u00f3n de Dominique Perrault Architecture, lanzan un concurso internacional en el que invitan a j\u00f3venes arquitectos de todo el mundo a imaginar el aparcamiento del futuro.<\/strong><\/p>\n\n<figure class=\"wp-block-image\"><img decoding=\"async\" src=\"https:\/\/www.group-indigo.com\/wp-content\/uploads\/2022\/01\/visuel_Concours_Euralille-1024x512.jpg\" alt=\"\"\/><\/figure>\n\n<p><strong>UN CONCURSO INTERNACIONAL DE ARQUITECTURA EN 72 HORAS<\/strong><\/p>\n\n<p>Abierto a j\u00f3venes arquitectos menores de 40 a\u00f1os, inscritos solos o en equipo, el<strong> \u00abConcurso Futuros de los Aparcamientos<\/strong> \u00bb invita a los profesionales de la arquitectura a considerar el potencial arquitect\u00f3nico, urbano, t\u00e9cnico y medioambiental de la reurbanizaci\u00f3n de los aparcamientos subterr\u00e1neos, mediante un estudio del emplazamiento de Euralille.<\/p>\n\n<p>Los candidatos tendr\u00e1n que proponer una serie de intervenciones arquitect\u00f3nicas capaces de responder a las nuevas pr\u00e1cticas vinculadas a la movilidad, la log\u00edstica urbana y, m\u00e1s ampliamente, a los cambios en los modos de vida y los patrones de consumo. El jurado, compuesto por expertos del mundo de la arquitectura y el urbanismo, est\u00e1 copresidido por Dominique Perrault, arquitecto y urbanista y miembro del Instituto, y Serge Cl\u00e9mente, Presidente del Grupo Indigo. <\/p>\n\n<p>\u00a0<\/p>\n\n<p><strong>INVENTANDO EL APARCAMIENTO DEL FUTURO<\/strong><br\/><em><strong>\u00bfC\u00f3mo pueden transformarse los aparcamientos subterr\u00e1neos para adaptarlos a los cambios contempor\u00e1neos de la sociedad? \u00bfC\u00f3mo puede responder la arquitectura a los retos de la movilidad futura y la densidad urbana en sentido amplio? <\/strong><\/em><\/p>\n\n<p>Los aparcamientos subterr\u00e1neos, a veces infrautilizados, representan importantes reservas de superficie, volumen y terreno, y su potencial es inmenso. Ahora es necesario superar la visi\u00f3n del aparcamiento subterr\u00e1neo como un simple espacio de almacenamiento inerte, para integrarlo en los grandes desarrollos metropolitanos, introduciendo nuevos programas, nuevos usos y nuevas cualidades arquitect\u00f3nicas. La idea del desarrollo inmobiliario subterr\u00e1neo o \u00absubestatal\u00bb puede verse ahora como una estrategia de planificaci\u00f3n urbana optimizada y resistente, que imagina la ciudad como un sistema enraizado en el suelo.  <\/p>\n\n<p>&#8212;-<\/p>\n\n<p>Las inscripciones est\u00e1n abiertas del 19 de enero de 2022 al 17 de abril de 2022.<\/p>\n\n<ul class=\"wp-block-list\">\n<li>Para saber m\u00e1s sobre el concurso, haz clic <a href=\"https:\/\/www.group-indigo.com\/fr\/carpark-futures-competition\">aqu\u00ed<\/a><\/li>\n\n\n\n<li>Si eres un joven arquitecto y quieres inscribirte, sigue <a href=\"https:\/\/carparkfutures.wiin.io\/fr\/applications\/carpark-futures-competition-2022\" target=\"_blank\" rel=\"noopener\">este enlace<\/a><\/li>\n<\/ul>\n\r\n\r\n<section class=\"gut-block gut-telechargement\" >\r\n\t\r\n\t<a href=\"https:\/\/www.group-indigo.com\/wp-content\/uploads\/2022\/01\/Communique_lancement-Carpark-Futures.pdf\"\r\n\t   target=\"_blank\" \t   class=\"btn-primary download\"\r\n\t   onclick=\"_paq.push([&quot;trackEvent&quot;,&quot;T\\u00e9l\\u00e9chargement&quot;,&quot;Clic&quot;,&quot;Communique_lancement-Carpark-Futures.pdf&quot;,{&quot;url&quot;:&quot;https:\\\/\\\/www.group-indigo.com\\\/wp-content\\\/uploads\\\/2022\\\/01\\\/Communique_lancement-Carpark-Futures.pdf&quot;,&quot;docName&quot;:&quot;Communique_lancement-Carpark-Futures.pdf&quot;,&quot;langue&quot;:&quot;ES&quot;}]);\"\r\n\t>Descargar el comunicado de prensa<\/a>\r\n<\/section>\r\n","protected":false},"featured_media":1100085544,"template":"","meta":{"_acf_changed":false,"inline_featured_image":false,"footnotes":""},"class_list":["post-1100085543","communique-de-presse","type-communique-de-presse","status-publish","has-post-thumbnail","hentry"],"acf":[],"yoast_head":"<!-- This site is optimized with the Yoast SEO plugin v27.2 - https:\/\/yoast.com\/product\/yoast-seo-wordpress\/ -->\n<title>El Grupo INDIGO y Dominique Perrault Architecture lanzan un concurso internacional de arquitectura para dise\u00f1ar el aparcamiento del futuro - Groupe INDIGO<\/title>\n<meta name=\"robots\" content=\"index, follow, max-snippet:-1, max-image-preview:large, max-video-preview:-1\" \/>\n<link rel=\"canonical\" href=\"https:\/\/www.group-indigo.com\/es\/presse\/communique\/el-grupo-indigo-y-dominique-perrault-architecture-lanzan-un-concurso-internacional-de-arquitectura-para-disenar-el-aparcamiento-del-futuro\/\" \/>\n<meta property=\"og:locale\" content=\"es_ES\" \/>\n<meta property=\"og:type\" content=\"article\" \/>\n<meta property=\"og:title\" content=\"El Grupo INDIGO y Dominique Perrault Architecture lanzan un concurso internacional de arquitectura para dise\u00f1ar el aparcamiento del futuro - Groupe INDIGO\" \/>\n<meta property=\"og:description\" content=\"Tras el estudio Carpark Futures realizado en 2020 y el curso en l\u00ednea dedicado a la arquitectura subterr\u00e1nea que se inaugurar\u00e1 en oto\u00f1o de 2021 con la \u00c9cole Polytechnique F\u00e9d\u00e9rale de Lausana, el Grupo INDIGO y DPA-X, el laboratorio de investigaci\u00f3n de Dominique Perrault Architecture, lanzan un concurso internacional en el que invitan a j\u00f3venes [&hellip;]\" \/>\n<meta property=\"og:url\" content=\"https:\/\/www.group-indigo.com\/es\/presse\/communique\/el-grupo-indigo-y-dominique-perrault-architecture-lanzan-un-concurso-internacional-de-arquitectura-para-disenar-el-aparcamiento-del-futuro\/\" \/>\n<meta property=\"og:site_name\" content=\"Groupe INDIGO\" \/>\n<meta property=\"article:modified_time\" content=\"2025-06-26T16:40:22+00:00\" \/>\n<meta property=\"og:image\" content=\"https:\/\/www.group-indigo.com\/wp-content\/uploads\/2022\/01\/visuel_Concours_Euralille.jpg\" \/>\n\t<meta property=\"og:image:width\" content=\"1134\" \/>\n\t<meta property=\"og:image:height\" content=\"567\" \/>\n\t<meta property=\"og:image:type\" content=\"image\/jpeg\" \/>\n<meta name=\"twitter:card\" content=\"summary_large_image\" \/>\n<script type=\"application\/ld+json\" class=\"yoast-schema-graph\">{\"@context\":\"https:\/\/schema.org\",\"@graph\":[{\"@type\":\"WebPage\",\"@id\":\"https:\/\/www.group-indigo.com\/es\/presse\/communique\/el-grupo-indigo-y-dominique-perrault-architecture-lanzan-un-concurso-internacional-de-arquitectura-para-disenar-el-aparcamiento-del-futuro\/\",\"url\":\"https:\/\/www.group-indigo.com\/es\/presse\/communique\/el-grupo-indigo-y-dominique-perrault-architecture-lanzan-un-concurso-internacional-de-arquitectura-para-disenar-el-aparcamiento-del-futuro\/\",\"name\":\"El Grupo INDIGO y Dominique Perrault Architecture lanzan un concurso internacional de arquitectura para dise\u00f1ar el aparcamiento del futuro - Groupe INDIGO\",\"isPartOf\":{\"@id\":\"https:\/\/www.group-indigo.com\/es\/#website\"},\"primaryImageOfPage\":{\"@id\":\"https:\/\/www.group-indigo.com\/es\/presse\/communique\/el-grupo-indigo-y-dominique-perrault-architecture-lanzan-un-concurso-internacional-de-arquitectura-para-disenar-el-aparcamiento-del-futuro\/#primaryimage\"},\"image\":{\"@id\":\"https:\/\/www.group-indigo.com\/es\/presse\/communique\/el-grupo-indigo-y-dominique-perrault-architecture-lanzan-un-concurso-internacional-de-arquitectura-para-disenar-el-aparcamiento-del-futuro\/#primaryimage\"},\"thumbnailUrl\":\"https:\/\/www.group-indigo.com\/wp-content\/uploads\/2022\/01\/visuel_Concours_Euralille.jpg\",\"datePublished\":\"2022-01-19T08:43:20+00:00\",\"dateModified\":\"2025-06-26T16:40:22+00:00\",\"breadcrumb\":{\"@id\":\"https:\/\/www.group-indigo.com\/es\/presse\/communique\/el-grupo-indigo-y-dominique-perrault-architecture-lanzan-un-concurso-internacional-de-arquitectura-para-disenar-el-aparcamiento-del-futuro\/#breadcrumb\"},\"inLanguage\":\"es\",\"potentialAction\":[{\"@type\":\"ReadAction\",\"target\":[\"https:\/\/www.group-indigo.com\/es\/presse\/communique\/el-grupo-indigo-y-dominique-perrault-architecture-lanzan-un-concurso-internacional-de-arquitectura-para-disenar-el-aparcamiento-del-futuro\/\"]}]},{\"@type\":\"ImageObject\",\"inLanguage\":\"es\",\"@id\":\"https:\/\/www.group-indigo.com\/es\/presse\/communique\/el-grupo-indigo-y-dominique-perrault-architecture-lanzan-un-concurso-internacional-de-arquitectura-para-disenar-el-aparcamiento-del-futuro\/#primaryimage\",\"url\":\"https:\/\/www.group-indigo.com\/wp-content\/uploads\/2022\/01\/visuel_Concours_Euralille.jpg\",\"contentUrl\":\"https:\/\/www.group-indigo.com\/wp-content\/uploads\/2022\/01\/visuel_Concours_Euralille.jpg\",\"width\":1134,\"height\":567},{\"@type\":\"BreadcrumbList\",\"@id\":\"https:\/\/www.group-indigo.com\/es\/presse\/communique\/el-grupo-indigo-y-dominique-perrault-architecture-lanzan-un-concurso-internacional-de-arquitectura-para-disenar-el-aparcamiento-del-futuro\/#breadcrumb\",\"itemListElement\":[{\"@type\":\"ListItem\",\"position\":1,\"name\":\"Home\",\"item\":\"https:\/\/www.group-indigo.com\/es\/\"},{\"@type\":\"ListItem\",\"position\":2,\"name\":\"El Grupo INDIGO y Dominique Perrault Architecture lanzan un concurso internacional de arquitectura para dise\u00f1ar el aparcamiento del futuro\"}]},{\"@type\":\"WebSite\",\"@id\":\"https:\/\/www.group-indigo.com\/es\/#website\",\"url\":\"https:\/\/www.group-indigo.com\/es\/\",\"name\":\"Groupe INDIGO\",\"description\":\"\",\"publisher\":{\"@id\":\"https:\/\/www.group-indigo.com\/es\/#organization\"},\"potentialAction\":[{\"@type\":\"SearchAction\",\"target\":{\"@type\":\"EntryPoint\",\"urlTemplate\":\"https:\/\/www.group-indigo.com\/es\/?s={search_term_string}\"},\"query-input\":{\"@type\":\"PropertyValueSpecification\",\"valueRequired\":true,\"valueName\":\"search_term_string\"}}],\"inLanguage\":\"es\"},{\"@type\":\"Organization\",\"@id\":\"https:\/\/www.group-indigo.com\/es\/#organization\",\"name\":\"Groupe INDIGO\",\"url\":\"https:\/\/www.group-indigo.com\/es\/\",\"logo\":{\"@type\":\"ImageObject\",\"inLanguage\":\"es\",\"@id\":\"https:\/\/www.group-indigo.com\/es\/#\/schema\/logo\/image\/\",\"url\":\"https:\/\/www.group-indigo.com\/wp-content\/uploads\/2026\/03\/login-logo.svg\",\"contentUrl\":\"https:\/\/www.group-indigo.com\/wp-content\/uploads\/2026\/03\/login-logo.svg\",\"width\":223,\"height\":49,\"caption\":\"Groupe INDIGO\"},\"image\":{\"@id\":\"https:\/\/www.group-indigo.com\/es\/#\/schema\/logo\/image\/\"}}]}<\/script>\n<!-- \/ Yoast SEO plugin. -->","yoast_head_json":{"title":"El Grupo INDIGO y Dominique Perrault Architecture lanzan un concurso internacional de arquitectura para dise\u00f1ar el aparcamiento del futuro - Groupe INDIGO","robots":{"index":"index","follow":"follow","max-snippet":"max-snippet:-1","max-image-preview":"max-image-preview:large","max-video-preview":"max-video-preview:-1"},"canonical":"https:\/\/www.group-indigo.com\/es\/presse\/communique\/el-grupo-indigo-y-dominique-perrault-architecture-lanzan-un-concurso-internacional-de-arquitectura-para-disenar-el-aparcamiento-del-futuro\/","og_locale":"es_ES","og_type":"article","og_title":"El Grupo INDIGO y Dominique Perrault Architecture lanzan un concurso internacional de arquitectura para dise\u00f1ar el aparcamiento del futuro - Groupe INDIGO","og_description":"Tras el estudio Carpark Futures realizado en 2020 y el curso en l\u00ednea dedicado a la arquitectura subterr\u00e1nea que se inaugurar\u00e1 en oto\u00f1o de 2021 con la \u00c9cole Polytechnique F\u00e9d\u00e9rale de Lausana, el Grupo INDIGO y DPA-X, el laboratorio de investigaci\u00f3n de Dominique Perrault Architecture, lanzan un concurso internacional en el que invitan a j\u00f3venes [&hellip;]","og_url":"https:\/\/www.group-indigo.com\/es\/presse\/communique\/el-grupo-indigo-y-dominique-perrault-architecture-lanzan-un-concurso-internacional-de-arquitectura-para-disenar-el-aparcamiento-del-futuro\/","og_site_name":"Groupe INDIGO","article_modified_time":"2025-06-26T16:40:22+00:00","og_image":[{"width":1134,"height":567,"url":"https:\/\/www.group-indigo.com\/wp-content\/uploads\/2022\/01\/visuel_Concours_Euralille.jpg","type":"image\/jpeg"}],"twitter_card":"summary_large_image","schema":{"@context":"https:\/\/schema.org","@graph":[{"@type":"WebPage","@id":"https:\/\/www.group-indigo.com\/es\/presse\/communique\/el-grupo-indigo-y-dominique-perrault-architecture-lanzan-un-concurso-internacional-de-arquitectura-para-disenar-el-aparcamiento-del-futuro\/","url":"https:\/\/www.group-indigo.com\/es\/presse\/communique\/el-grupo-indigo-y-dominique-perrault-architecture-lanzan-un-concurso-internacional-de-arquitectura-para-disenar-el-aparcamiento-del-futuro\/","name":"El Grupo INDIGO y Dominique Perrault Architecture lanzan un concurso internacional de arquitectura para dise\u00f1ar el aparcamiento del futuro - Groupe INDIGO","isPartOf":{"@id":"https:\/\/www.group-indigo.com\/es\/#website"},"primaryImageOfPage":{"@id":"https:\/\/www.group-indigo.com\/es\/presse\/communique\/el-grupo-indigo-y-dominique-perrault-architecture-lanzan-un-concurso-internacional-de-arquitectura-para-disenar-el-aparcamiento-del-futuro\/#primaryimage"},"image":{"@id":"https:\/\/www.group-indigo.com\/es\/presse\/communique\/el-grupo-indigo-y-dominique-perrault-architecture-lanzan-un-concurso-internacional-de-arquitectura-para-disenar-el-aparcamiento-del-futuro\/#primaryimage"},"thumbnailUrl":"https:\/\/www.group-indigo.com\/wp-content\/uploads\/2022\/01\/visuel_Concours_Euralille.jpg","datePublished":"2022-01-19T08:43:20+00:00","dateModified":"2025-06-26T16:40:22+00:00","breadcrumb":{"@id":"https:\/\/www.group-indigo.com\/es\/presse\/communique\/el-grupo-indigo-y-dominique-perrault-architecture-lanzan-un-concurso-internacional-de-arquitectura-para-disenar-el-aparcamiento-del-futuro\/#breadcrumb"},"inLanguage":"es","potentialAction":[{"@type":"ReadAction","target":["https:\/\/www.group-indigo.com\/es\/presse\/communique\/el-grupo-indigo-y-dominique-perrault-architecture-lanzan-un-concurso-internacional-de-arquitectura-para-disenar-el-aparcamiento-del-futuro\/"]}]},{"@type":"ImageObject","inLanguage":"es","@id":"https:\/\/www.group-indigo.com\/es\/presse\/communique\/el-grupo-indigo-y-dominique-perrault-architecture-lanzan-un-concurso-internacional-de-arquitectura-para-disenar-el-aparcamiento-del-futuro\/#primaryimage","url":"https:\/\/www.group-indigo.com\/wp-content\/uploads\/2022\/01\/visuel_Concours_Euralille.jpg","contentUrl":"https:\/\/www.group-indigo.com\/wp-content\/uploads\/2022\/01\/visuel_Concours_Euralille.jpg","width":1134,"height":567},{"@type":"BreadcrumbList","@id":"https:\/\/www.group-indigo.com\/es\/presse\/communique\/el-grupo-indigo-y-dominique-perrault-architecture-lanzan-un-concurso-internacional-de-arquitectura-para-disenar-el-aparcamiento-del-futuro\/#breadcrumb","itemListElement":[{"@type":"ListItem","position":1,"name":"Home","item":"https:\/\/www.group-indigo.com\/es\/"},{"@type":"ListItem","position":2,"name":"El Grupo INDIGO y Dominique Perrault Architecture lanzan un concurso internacional de arquitectura para dise\u00f1ar el aparcamiento del futuro"}]},{"@type":"WebSite","@id":"https:\/\/www.group-indigo.com\/es\/#website","url":"https:\/\/www.group-indigo.com\/es\/","name":"Groupe INDIGO","description":"","publisher":{"@id":"https:\/\/www.group-indigo.com\/es\/#organization"},"potentialAction":[{"@type":"SearchAction","target":{"@type":"EntryPoint","urlTemplate":"https:\/\/www.group-indigo.com\/es\/?s={search_term_string}"},"query-input":{"@type":"PropertyValueSpecification","valueRequired":true,"valueName":"search_term_string"}}],"inLanguage":"es"},{"@type":"Organization","@id":"https:\/\/www.group-indigo.com\/es\/#organization","name":"Groupe INDIGO","url":"https:\/\/www.group-indigo.com\/es\/","logo":{"@type":"ImageObject","inLanguage":"es","@id":"https:\/\/www.group-indigo.com\/es\/#\/schema\/logo\/image\/","url":"https:\/\/www.group-indigo.com\/wp-content\/uploads\/2026\/03\/login-logo.svg","contentUrl":"https:\/\/www.group-indigo.com\/wp-content\/uploads\/2026\/03\/login-logo.svg","width":223,"height":49,"caption":"Groupe INDIGO"},"image":{"@id":"https:\/\/www.group-indigo.com\/es\/#\/schema\/logo\/image\/"}}]}},"_links":{"self":[{"href":"https:\/\/www.group-indigo.com\/es\/wp-json\/wp\/v2\/communique-de-presse\/1100085543","targetHints":{"allow":["GET"]}}],"collection":[{"href":"https:\/\/www.group-indigo.com\/es\/wp-json\/wp\/v2\/communique-de-presse"}],"about":[{"href":"https:\/\/www.group-indigo.com\/es\/wp-json\/wp\/v2\/types\/communique-de-presse"}],"version-history":[{"count":1,"href":"https:\/\/www.group-indigo.com\/es\/wp-json\/wp\/v2\/communique-de-presse\/1100085543\/revisions"}],"predecessor-version":[{"id":1100085545,"href":"https:\/\/www.group-indigo.com\/es\/wp-json\/wp\/v2\/communique-de-presse\/1100085543\/revisions\/1100085545"}],"wp:featuredmedia":[{"embeddable":true,"href":"https:\/\/www.group-indigo.com\/es\/wp-json\/wp\/v2\/media\/1100085544"}],"wp:attachment":[{"href":"https:\/\/www.group-indigo.com\/es\/wp-json\/wp\/v2\/media?parent=1100085543"}],"curies":[{"name":"wp","href":"https:\/\/api.w.org\/{rel}","templated":true}]}}