{"id":1100085614,"date":"2019-11-19T11:38:54","date_gmt":"2019-11-19T10:38:54","guid":{"rendered":"https:\/\/www.group-indigo.com\/communique-de-presse\/movilidad-electrica-indigo-instala-500-estaciones-de-recarga-en-francia\/"},"modified":"2025-06-26T18:47:57","modified_gmt":"2025-06-26T16:47:57","slug":"movilidad-electrica-indigo-instala-500-estaciones-de-recarga-en-francia","status":"publish","type":"communique-de-presse","link":"https:\/\/www.group-indigo.com\/es\/presse\/communique\/movilidad-electrica-indigo-instala-500-estaciones-de-recarga-en-francia\/","title":{"rendered":"Movilidad el\u00e9ctrica: Indigo instala 500 estaciones de recarga en Francia"},"content":{"rendered":"\n<h3 class=\"wp-block-heading\">Desde que firmaron su asociaci\u00f3n en 2014, Indigo, l\u00edder mundial en aparcamientos, e IZIVIA, filial de EDF especializada en movilidad el\u00e9ctrica, han desplegado 500 puntos de recarga en Francia. Actualmente se est\u00e1n instalando otros 120 puntos de recarga, que estar\u00e1n disponibles en breve. Una red territorial de puntos de recarga el\u00e9ctrica para apoyar la aceleraci\u00f3n de los nuevos usos de la movilidad.  <\/h3>\n<div class=\"wp-block-image\">\n<figure class=\"aligncenter size-full\"><img decoding=\"async\" src=\"https:\/\/www.group-indigo.com\/wp-content\/uploads\/2019\/11\/France-Recharge-ve&#x301;hicule-e&#x301;lectrique_b.jpg\" alt=\"\" class=\"wp-image-1100066995\"\/><\/figure>\n<\/div>\n<p><\/p>\n\n<p>S\u00f3lo en 2018, se realizaron casi <strong>10.000 cargas<\/strong> a trav\u00e9s de los puntos de recarga IZIVIA instalados en la red Indigo. Estos puntos de recarga acogieron a m\u00e1s de 1.600 electrom\u00f3vilistas en 2018 y suministraron casi <strong>120.000 kWh<\/strong>. Esta asociaci\u00f3n es la traducci\u00f3n de una estrategia global que responde a dos objetivos principales:  <\/p>\n\n<ul class=\"wp-block-list\">\n<li><strong>Ofrece a los clientes de Indigo una forma f\u00e1cil de recargar sus veh\u00edculos mientras est\u00e1n aparcados.  <\/strong><\/li>\n\n\n\n<li><strong>Proporcionar a los automovilistas puntos de recarga locales en zonas urbanas<\/strong><\/li>\n<\/ul>\n\n<p>De acuerdo con las ambiciones de la asociaci\u00f3n, estas redes de recarga se est\u00e1n desplegando en una amplia gama de lugares, desde grandes almacenes y estaciones de ferrocarril hasta hospitales, lugares culturales, zonas de ocio y oficinas y centros comerciales. En la actualidad, las estaciones de recarga desplegadas por Indigo se distribuyen de la siguiente manera: <\/p>\n\n<ul class=\"wp-block-list\">\n<li><strong>190<\/strong> puntos de recarga en Par\u00eds<\/li>\n\n\n\n<li><strong>151<\/strong> puntos de recarga en la regi\u00f3n de Par\u00eds<\/li>\n\n\n\n<li><strong>159<\/strong> puntos en el resto de Francia<\/li>\n<\/ul>\n\n<p class=\"has-text-align-left\">Todos nuestros puntos de recarga est\u00e1n comunicados y son interoperables. Esta interoperabilidad significa que los clientes de muchas redes de recarga diferentes pueden acceder a nuestros puntos de recarga sin dificultad. <\/p>\n\n<p><em>\u00abIndigo fue el primer operador de aparcamientos en ofrecer una gama de servicios adaptados a la recarga de veh\u00edculos el\u00e9ctricos. Desde 2014, contamos con la experiencia de IZIVIA en este \u00e1mbito para llevar a buen puerto este ambicioso proyecto. Nuestro objetivo es facilitar la vida a los automovilistas que han optado por la electricidad, pero tambi\u00e9n apoyar a las autoridades locales en su transici\u00f3n energ\u00e9tica. Estos 500 puntos de recarga desplegados por todo el pa\u00eds reflejan nuestra visi\u00f3n de la movilidad del ma\u00f1ana: sostenible, accesible y f\u00e1cil de usar\u00bb, <\/em>afirma S\u00e9bastien Fraisse, Director General Adjunto y Director para Francia de Indigo.<\/p>\n\r\n\r\n<section class=\"gut-block gut-telechargement\" >\r\n\t\r\n\t<a href=\"https:\/\/www.group-indigo.com\/wp-content\/uploads\/2019\/11\/CP_Bornes_Indigo_19112019.pdf\"\r\n\t   target=\"_blank\" \t   class=\"btn-primary download\"\r\n\t   onclick=\"_paq.push([&quot;trackEvent&quot;,&quot;T\\u00e9l\\u00e9chargement&quot;,&quot;Clic&quot;,&quot;CP_Bornes_Indigo_19112019.pdf&quot;,{&quot;url&quot;:&quot;https:\\\/\\\/www.group-indigo.com\\\/wp-content\\\/uploads\\\/2019\\\/11\\\/CP_Bornes_Indigo_19112019.pdf&quot;,&quot;docName&quot;:&quot;CP_Bornes_Indigo_19112019.pdf&quot;,&quot;langue&quot;:&quot;ES&quot;}]);\"\r\n\t>Descargar el comunicado de prensa<\/a>\r\n<\/section>\r\n","protected":false},"featured_media":1100085615,"template":"","meta":{"_acf_changed":false,"inline_featured_image":false,"footnotes":""},"class_list":["post-1100085614","communique-de-presse","type-communique-de-presse","status-publish","has-post-thumbnail","hentry"],"acf":[],"yoast_head":"<!-- This site is optimized with the Yoast SEO plugin v27.2 - https:\/\/yoast.com\/product\/yoast-seo-wordpress\/ -->\n<title>Movilidad el\u00e9ctrica: Indigo instala 500 estaciones de recarga en Francia - Groupe INDIGO<\/title>\n<meta name=\"robots\" content=\"index, follow, max-snippet:-1, max-image-preview:large, max-video-preview:-1\" \/>\n<link rel=\"canonical\" href=\"https:\/\/www.group-indigo.com\/es\/presse\/communique\/movilidad-electrica-indigo-instala-500-estaciones-de-recarga-en-francia\/\" \/>\n<meta property=\"og:locale\" content=\"es_ES\" \/>\n<meta property=\"og:type\" content=\"article\" \/>\n<meta property=\"og:title\" content=\"Movilidad el\u00e9ctrica: Indigo instala 500 estaciones de recarga en Francia - Groupe INDIGO\" \/>\n<meta property=\"og:description\" content=\"Desde que firmaron su asociaci\u00f3n en 2014, Indigo, l\u00edder mundial en aparcamientos, e IZIVIA, filial de EDF especializada en movilidad el\u00e9ctrica, han desplegado 500 puntos de recarga en Francia. Actualmente se est\u00e1n instalando otros 120 puntos de recarga, que estar\u00e1n disponibles en breve. Una red territorial de puntos de recarga el\u00e9ctrica para apoyar la aceleraci\u00f3n [&hellip;]\" \/>\n<meta property=\"og:url\" content=\"https:\/\/www.group-indigo.com\/es\/presse\/communique\/movilidad-electrica-indigo-instala-500-estaciones-de-recarga-en-francia\/\" \/>\n<meta property=\"og:site_name\" content=\"Groupe INDIGO\" \/>\n<meta property=\"article:modified_time\" content=\"2025-06-26T16:47:57+00:00\" \/>\n<meta property=\"og:image\" content=\"https:\/\/www.group-indigo.com\/wp-content\/uploads\/2019\/11\/France-V\u00e9hicules-\u00e9lectriques-2_b.jpg\" \/>\n\t<meta property=\"og:image:width\" content=\"1000\" \/>\n\t<meta property=\"og:image:height\" content=\"668\" \/>\n\t<meta property=\"og:image:type\" content=\"image\/jpeg\" \/>\n<meta name=\"twitter:card\" content=\"summary_large_image\" \/>\n<script type=\"application\/ld+json\" class=\"yoast-schema-graph\">{\"@context\":\"https:\/\/schema.org\",\"@graph\":[{\"@type\":\"WebPage\",\"@id\":\"https:\/\/www.group-indigo.com\/es\/presse\/communique\/movilidad-electrica-indigo-instala-500-estaciones-de-recarga-en-francia\/\",\"url\":\"https:\/\/www.group-indigo.com\/es\/presse\/communique\/movilidad-electrica-indigo-instala-500-estaciones-de-recarga-en-francia\/\",\"name\":\"Movilidad el\u00e9ctrica: Indigo instala 500 estaciones de recarga en Francia - Groupe INDIGO\",\"isPartOf\":{\"@id\":\"https:\/\/www.group-indigo.com\/es\/#website\"},\"primaryImageOfPage\":{\"@id\":\"https:\/\/www.group-indigo.com\/es\/presse\/communique\/movilidad-electrica-indigo-instala-500-estaciones-de-recarga-en-francia\/#primaryimage\"},\"image\":{\"@id\":\"https:\/\/www.group-indigo.com\/es\/presse\/communique\/movilidad-electrica-indigo-instala-500-estaciones-de-recarga-en-francia\/#primaryimage\"},\"thumbnailUrl\":\"https:\/\/www.group-indigo.com\/wp-content\/uploads\/2019\/11\/France-V\u00e9hicules-\u00e9lectriques-2_b.jpg\",\"datePublished\":\"2019-11-19T10:38:54+00:00\",\"dateModified\":\"2025-06-26T16:47:57+00:00\",\"breadcrumb\":{\"@id\":\"https:\/\/www.group-indigo.com\/es\/presse\/communique\/movilidad-electrica-indigo-instala-500-estaciones-de-recarga-en-francia\/#breadcrumb\"},\"inLanguage\":\"es\",\"potentialAction\":[{\"@type\":\"ReadAction\",\"target\":[\"https:\/\/www.group-indigo.com\/es\/presse\/communique\/movilidad-electrica-indigo-instala-500-estaciones-de-recarga-en-francia\/\"]}]},{\"@type\":\"ImageObject\",\"inLanguage\":\"es\",\"@id\":\"https:\/\/www.group-indigo.com\/es\/presse\/communique\/movilidad-electrica-indigo-instala-500-estaciones-de-recarga-en-francia\/#primaryimage\",\"url\":\"https:\/\/www.group-indigo.com\/wp-content\/uploads\/2019\/11\/France-V\u00e9hicules-\u00e9lectriques-2_b.jpg\",\"contentUrl\":\"https:\/\/www.group-indigo.com\/wp-content\/uploads\/2019\/11\/France-V\u00e9hicules-\u00e9lectriques-2_b.jpg\",\"width\":1000,\"height\":668},{\"@type\":\"BreadcrumbList\",\"@id\":\"https:\/\/www.group-indigo.com\/es\/presse\/communique\/movilidad-electrica-indigo-instala-500-estaciones-de-recarga-en-francia\/#breadcrumb\",\"itemListElement\":[{\"@type\":\"ListItem\",\"position\":1,\"name\":\"Home\",\"item\":\"https:\/\/www.group-indigo.com\/es\/\"},{\"@type\":\"ListItem\",\"position\":2,\"name\":\"Movilidad el\u00e9ctrica: Indigo instala 500 estaciones de recarga en Francia\"}]},{\"@type\":\"WebSite\",\"@id\":\"https:\/\/www.group-indigo.com\/es\/#website\",\"url\":\"https:\/\/www.group-indigo.com\/es\/\",\"name\":\"Groupe INDIGO\",\"description\":\"\",\"publisher\":{\"@id\":\"https:\/\/www.group-indigo.com\/es\/#organization\"},\"potentialAction\":[{\"@type\":\"SearchAction\",\"target\":{\"@type\":\"EntryPoint\",\"urlTemplate\":\"https:\/\/www.group-indigo.com\/es\/?s={search_term_string}\"},\"query-input\":{\"@type\":\"PropertyValueSpecification\",\"valueRequired\":true,\"valueName\":\"search_term_string\"}}],\"inLanguage\":\"es\"},{\"@type\":\"Organization\",\"@id\":\"https:\/\/www.group-indigo.com\/es\/#organization\",\"name\":\"Groupe INDIGO\",\"url\":\"https:\/\/www.group-indigo.com\/es\/\",\"logo\":{\"@type\":\"ImageObject\",\"inLanguage\":\"es\",\"@id\":\"https:\/\/www.group-indigo.com\/es\/#\/schema\/logo\/image\/\",\"url\":\"https:\/\/www.group-indigo.com\/wp-content\/uploads\/2026\/03\/login-logo.svg\",\"contentUrl\":\"https:\/\/www.group-indigo.com\/wp-content\/uploads\/2026\/03\/login-logo.svg\",\"width\":223,\"height\":49,\"caption\":\"Groupe INDIGO\"},\"image\":{\"@id\":\"https:\/\/www.group-indigo.com\/es\/#\/schema\/logo\/image\/\"}}]}<\/script>\n<!-- \/ Yoast SEO plugin. -->","yoast_head_json":{"title":"Movilidad el\u00e9ctrica: Indigo instala 500 estaciones de recarga en Francia - Groupe INDIGO","robots":{"index":"index","follow":"follow","max-snippet":"max-snippet:-1","max-image-preview":"max-image-preview:large","max-video-preview":"max-video-preview:-1"},"canonical":"https:\/\/www.group-indigo.com\/es\/presse\/communique\/movilidad-electrica-indigo-instala-500-estaciones-de-recarga-en-francia\/","og_locale":"es_ES","og_type":"article","og_title":"Movilidad el\u00e9ctrica: Indigo instala 500 estaciones de recarga en Francia - Groupe INDIGO","og_description":"Desde que firmaron su asociaci\u00f3n en 2014, Indigo, l\u00edder mundial en aparcamientos, e IZIVIA, filial de EDF especializada en movilidad el\u00e9ctrica, han desplegado 500 puntos de recarga en Francia. Actualmente se est\u00e1n instalando otros 120 puntos de recarga, que estar\u00e1n disponibles en breve. Una red territorial de puntos de recarga el\u00e9ctrica para apoyar la aceleraci\u00f3n [&hellip;]","og_url":"https:\/\/www.group-indigo.com\/es\/presse\/communique\/movilidad-electrica-indigo-instala-500-estaciones-de-recarga-en-francia\/","og_site_name":"Groupe INDIGO","article_modified_time":"2025-06-26T16:47:57+00:00","og_image":[{"width":1000,"height":668,"url":"https:\/\/www.group-indigo.com\/wp-content\/uploads\/2019\/11\/France-V\u00e9hicules-\u00e9lectriques-2_b.jpg","type":"image\/jpeg"}],"twitter_card":"summary_large_image","schema":{"@context":"https:\/\/schema.org","@graph":[{"@type":"WebPage","@id":"https:\/\/www.group-indigo.com\/es\/presse\/communique\/movilidad-electrica-indigo-instala-500-estaciones-de-recarga-en-francia\/","url":"https:\/\/www.group-indigo.com\/es\/presse\/communique\/movilidad-electrica-indigo-instala-500-estaciones-de-recarga-en-francia\/","name":"Movilidad el\u00e9ctrica: Indigo instala 500 estaciones de recarga en Francia - Groupe INDIGO","isPartOf":{"@id":"https:\/\/www.group-indigo.com\/es\/#website"},"primaryImageOfPage":{"@id":"https:\/\/www.group-indigo.com\/es\/presse\/communique\/movilidad-electrica-indigo-instala-500-estaciones-de-recarga-en-francia\/#primaryimage"},"image":{"@id":"https:\/\/www.group-indigo.com\/es\/presse\/communique\/movilidad-electrica-indigo-instala-500-estaciones-de-recarga-en-francia\/#primaryimage"},"thumbnailUrl":"https:\/\/www.group-indigo.com\/wp-content\/uploads\/2019\/11\/France-V\u00e9hicules-\u00e9lectriques-2_b.jpg","datePublished":"2019-11-19T10:38:54+00:00","dateModified":"2025-06-26T16:47:57+00:00","breadcrumb":{"@id":"https:\/\/www.group-indigo.com\/es\/presse\/communique\/movilidad-electrica-indigo-instala-500-estaciones-de-recarga-en-francia\/#breadcrumb"},"inLanguage":"es","potentialAction":[{"@type":"ReadAction","target":["https:\/\/www.group-indigo.com\/es\/presse\/communique\/movilidad-electrica-indigo-instala-500-estaciones-de-recarga-en-francia\/"]}]},{"@type":"ImageObject","inLanguage":"es","@id":"https:\/\/www.group-indigo.com\/es\/presse\/communique\/movilidad-electrica-indigo-instala-500-estaciones-de-recarga-en-francia\/#primaryimage","url":"https:\/\/www.group-indigo.com\/wp-content\/uploads\/2019\/11\/France-V\u00e9hicules-\u00e9lectriques-2_b.jpg","contentUrl":"https:\/\/www.group-indigo.com\/wp-content\/uploads\/2019\/11\/France-V\u00e9hicules-\u00e9lectriques-2_b.jpg","width":1000,"height":668},{"@type":"BreadcrumbList","@id":"https:\/\/www.group-indigo.com\/es\/presse\/communique\/movilidad-electrica-indigo-instala-500-estaciones-de-recarga-en-francia\/#breadcrumb","itemListElement":[{"@type":"ListItem","position":1,"name":"Home","item":"https:\/\/www.group-indigo.com\/es\/"},{"@type":"ListItem","position":2,"name":"Movilidad el\u00e9ctrica: Indigo instala 500 estaciones de recarga en Francia"}]},{"@type":"WebSite","@id":"https:\/\/www.group-indigo.com\/es\/#website","url":"https:\/\/www.group-indigo.com\/es\/","name":"Groupe INDIGO","description":"","publisher":{"@id":"https:\/\/www.group-indigo.com\/es\/#organization"},"potentialAction":[{"@type":"SearchAction","target":{"@type":"EntryPoint","urlTemplate":"https:\/\/www.group-indigo.com\/es\/?s={search_term_string}"},"query-input":{"@type":"PropertyValueSpecification","valueRequired":true,"valueName":"search_term_string"}}],"inLanguage":"es"},{"@type":"Organization","@id":"https:\/\/www.group-indigo.com\/es\/#organization","name":"Groupe INDIGO","url":"https:\/\/www.group-indigo.com\/es\/","logo":{"@type":"ImageObject","inLanguage":"es","@id":"https:\/\/www.group-indigo.com\/es\/#\/schema\/logo\/image\/","url":"https:\/\/www.group-indigo.com\/wp-content\/uploads\/2026\/03\/login-logo.svg","contentUrl":"https:\/\/www.group-indigo.com\/wp-content\/uploads\/2026\/03\/login-logo.svg","width":223,"height":49,"caption":"Groupe INDIGO"},"image":{"@id":"https:\/\/www.group-indigo.com\/es\/#\/schema\/logo\/image\/"}}]}},"_links":{"self":[{"href":"https:\/\/www.group-indigo.com\/es\/wp-json\/wp\/v2\/communique-de-presse\/1100085614","targetHints":{"allow":["GET"]}}],"collection":[{"href":"https:\/\/www.group-indigo.com\/es\/wp-json\/wp\/v2\/communique-de-presse"}],"about":[{"href":"https:\/\/www.group-indigo.com\/es\/wp-json\/wp\/v2\/types\/communique-de-presse"}],"version-history":[{"count":1,"href":"https:\/\/www.group-indigo.com\/es\/wp-json\/wp\/v2\/communique-de-presse\/1100085614\/revisions"}],"predecessor-version":[{"id":1100085616,"href":"https:\/\/www.group-indigo.com\/es\/wp-json\/wp\/v2\/communique-de-presse\/1100085614\/revisions\/1100085616"}],"wp:featuredmedia":[{"embeddable":true,"href":"https:\/\/www.group-indigo.com\/es\/wp-json\/wp\/v2\/media\/1100085615"}],"wp:attachment":[{"href":"https:\/\/www.group-indigo.com\/es\/wp-json\/wp\/v2\/media?parent=1100085614"}],"curies":[{"name":"wp","href":"https:\/\/api.w.org\/{rel}","templated":true}]}}