{"id":1100085849,"date":"2024-04-19T12:03:17","date_gmt":"2024-04-19T10:03:17","guid":{"rendered":"https:\/\/www.group-indigo.com\/cuando-la-literatura-se-invita-a-si-misma-a-nuestros-aparcamientos\/"},"modified":"2025-06-26T19:27:36","modified_gmt":"2025-06-26T17:27:36","slug":"cuando-la-literatura-se-invita-a-si-misma-a-nuestros-aparcamientos","status":"publish","type":"post","link":"https:\/\/www.group-indigo.com\/es\/presse\/actualite\/cuando-la-literatura-se-invita-a-si-misma-a-nuestros-aparcamientos\/","title":{"rendered":"Cuando la literatura se invita a s\u00ed misma a nuestros aparcamientos"},"content":{"rendered":"\n<p><b><span data-contrast=\"auto\">Como socio del festival de literatura y periodismo Le Livre \u00e0 Metz, que se celebra del 19 al 21 de abril de 2024, INDIGO lleva a los asistentes al festival a una b\u00fasqueda del tesoro en sus aparcamientos en busca de la intr\u00e9pida L\u00e9opoldine Courtecuisse para resolver un misterioso crimen.  <\/span><\/b><span data-ccp-props=\"{}\"> <\/span><\/p>\n\n<figure class=\"wp-block-image size-full\"><img decoding=\"async\" width=\"960\" height=\"635\" src=\"https:\/\/www.group-indigo.com\/wp-content\/uploads\/2024\/04\/Image-mise-en-avant-44.png\" alt=\"\" class=\"wp-image-1100016136\" srcset=\"https:\/\/www.group-indigo.com\/wp-content\/uploads\/2024\/04\/Image-mise-en-avant-44.png 960w, https:\/\/www.group-indigo.com\/wp-content\/uploads\/2024\/04\/Image-mise-en-avant-44-300x198.png 300w, https:\/\/www.group-indigo.com\/wp-content\/uploads\/2024\/04\/Image-mise-en-avant-44-768x508.png 768w\" sizes=\"(max-width: 960px) 100vw, 960px\" \/><\/figure>\n\n<p><span data-contrast=\"auto\">En el Festival Le Livre \u00e0 Metz de este a\u00f1o, cuyo tema es \u00abGare aux apparences\u00bb (\u00abCuidado con las apariencias\u00bb), se invita a los asistentes al festival a participar en una b\u00fasqueda del tesoro en los aparcamientos INDIGO del centro de Metz. Se les invita a seguir los pasos de L\u00e9opoldine Courtecuisse, la hero\u00edna de la saga de Na\u00eblle Charles,   <\/span><i><span data-contrast=\"auto\">Rizos y peque\u00f1as investigaciones<\/span><\/i><span data-contrast=\"auto\">Podr\u00e1s resolver acertijos literarios en los distintos aparcamientos INDIGO de la ciudad. <\/span> <span data-ccp-props=\"{}\"> <\/span><\/p>\n\n<p><span data-contrast=\"auto\">La b\u00fasqueda del tesoro les llevar\u00e1 al aparcamiento del Muse el s\u00e1bado 20 de abril, donde los 30 primeros ganadores ganar\u00e1n su \u00faltima novela y la oportunidad de conocer al autor.  <\/span><span data-ccp-props=\"{}\"> <\/span><\/p>\n\n<p><span data-contrast=\"auto\">El <\/span><a href=\"https:\/\/www.lelivreametz.com\/\"><span data-contrast=\"none\">Festival Le Livre \u00e0 Metz<\/span><\/a><span data-contrast=\"auto\">  se celebra cada mes de abril desde hace 37 a\u00f1os, con el objetivo de promover la creaci\u00f3n literaria y devolver el gusto por la lectura al gran p\u00fablico. La edici\u00f3n del a\u00f1o pasado atrajo a 30.000 asistentes, con casi 200 invitados y personalidades relacionadas con el libro, y se organizaron unos cuarenta encuentros con el p\u00fablico.   <\/span><span data-ccp-props=\"{}\"> <\/span><\/p>\n\n<p><span data-contrast=\"auto\">Adem\u00e1s de la asociaci\u00f3n INDIGO, la Fundaci\u00f3n INDIGO apoya la organizaci\u00f3n de este nuevo evento y las actividades culturales de la asociaci\u00f3n. Con el objetivo de hacer que las ciudades sean m\u00e1s inclusivas y sostenibles, la Fundaci\u00f3n INDIGO apoya proyectos que hacen la cultura accesible a todos y promueven la inclusi\u00f3n a trav\u00e9s del deporte. En 2023, en Francia, apoy\u00f3 19 proyectos en 14 ciudades francesas. Desde la creaci\u00f3n literaria hasta la m\u00fasica y la danza, apoya proyectos de inter\u00e9s general que celebran todas las formas de expresi\u00f3n art\u00edstica, dirigidos a todo tipo de beneficiarios para reforzar la vida comunitaria y la calidad de vida de todos.     <\/span><span data-ccp-props=\"{}\"> <\/span><\/p>\n\n<p><strong><i>\u00abLos aparcamientos son lugares donde la gente vive, pasa y habla, y a su manera son parte integrante del mosaico cultural urbano. Este es el enfoque que nos enorgullece apoyar con socios como Le Livre \u00e0 Metz: la cultura tiene cabida en todas partes.<\/i><\/strong><br\/><span data-contrast=\"auto\">Julien GRAVINI, Director Regional del Noreste de INDIGO.<\/span><\/p>\n","protected":false},"excerpt":{"rendered":"<p>Como socio del festival de literatura y periodismo Le Livre \u00e0 Metz, que se celebra del 19 al 21 de abril de 2024, INDIGO lleva a los asistentes al festival a una b\u00fasqueda del tesoro en sus aparcamientos en busca de la intr\u00e9pida L\u00e9opoldine Courtecuisse para resolver un misterioso crimen. En el Festival Le Livre [&hellip;]<\/p>\n","protected":false},"author":1,"featured_media":0,"comment_status":"closed","ping_status":"open","sticky":false,"template":"","format":"standard","meta":{"_acf_changed":false,"inline_featured_image":false,"footnotes":""},"categories":[66],"tags":[],"class_list":["post-1100085849","post","type-post","status-publish","format-standard","hentry","category-sin-categorizar"],"acf":[],"yoast_head":"<!-- This site is optimized with the Yoast SEO plugin v27.2 - https:\/\/yoast.com\/product\/yoast-seo-wordpress\/ -->\n<title>Cuando la literatura se invita a s\u00ed misma a nuestros aparcamientos - Groupe INDIGO<\/title>\n<meta name=\"description\" content=\"Como socio del festival de literatura y periodismo Le Livre \u00e0 Metz, que se celebra del 19 al 21 de abril de 2024, INDIGO lleva a los asistentes al\" \/>\n<meta name=\"robots\" content=\"index, follow, max-snippet:-1, max-image-preview:large, max-video-preview:-1\" \/>\n<link rel=\"canonical\" href=\"https:\/\/www.group-indigo.com\/es\/presse\/actualite\/cuando-la-literatura-se-invita-a-si-misma-a-nuestros-aparcamientos\/\" \/>\n<meta property=\"og:locale\" content=\"es_ES\" \/>\n<meta property=\"og:type\" content=\"article\" \/>\n<meta property=\"og:title\" content=\"Cuando la literatura se invita a s\u00ed misma a nuestros aparcamientos - Groupe INDIGO\" \/>\n<meta property=\"og:description\" content=\"Como socio del festival de literatura y periodismo Le Livre \u00e0 Metz, que se celebra del 19 al 21 de abril de 2024, INDIGO lleva a los asistentes al\" \/>\n<meta property=\"og:url\" content=\"https:\/\/www.group-indigo.com\/es\/presse\/actualite\/cuando-la-literatura-se-invita-a-si-misma-a-nuestros-aparcamientos\/\" \/>\n<meta property=\"og:site_name\" content=\"Groupe INDIGO\" \/>\n<meta property=\"article:published_time\" content=\"2024-04-19T10:03:17+00:00\" \/>\n<meta property=\"article:modified_time\" content=\"2025-06-26T17:27:36+00:00\" \/>\n<meta property=\"og:image\" content=\"https:\/\/www.group-indigo.com\/wp-content\/uploads\/2024\/04\/Image-mise-en-avant-44.png\" \/>\n<meta name=\"author\" content=\"Admin\" \/>\n<meta name=\"twitter:card\" content=\"summary_large_image\" \/>\n<script type=\"application\/ld+json\" class=\"yoast-schema-graph\">{\"@context\":\"https:\/\/schema.org\",\"@graph\":[{\"@type\":\"Article\",\"@id\":\"https:\/\/www.group-indigo.com\/es\/presse\/actualite\/cuando-la-literatura-se-invita-a-si-misma-a-nuestros-aparcamientos\/#article\",\"isPartOf\":{\"@id\":\"https:\/\/www.group-indigo.com\/es\/presse\/actualite\/cuando-la-literatura-se-invita-a-si-misma-a-nuestros-aparcamientos\/\"},\"author\":{\"name\":\"Admin\",\"@id\":\"https:\/\/www.group-indigo.com\/es\/#\/schema\/person\/93bd6142e944556b9912f16b648e199a\"},\"headline\":\"Cuando la literatura se invita a s\u00ed misma a nuestros aparcamientos\",\"datePublished\":\"2024-04-19T10:03:17+00:00\",\"dateModified\":\"2025-06-26T17:27:36+00:00\",\"mainEntityOfPage\":{\"@id\":\"https:\/\/www.group-indigo.com\/es\/presse\/actualite\/cuando-la-literatura-se-invita-a-si-misma-a-nuestros-aparcamientos\/\"},\"wordCount\":407,\"publisher\":{\"@id\":\"https:\/\/www.group-indigo.com\/es\/#organization\"},\"image\":{\"@id\":\"https:\/\/www.group-indigo.com\/es\/presse\/actualite\/cuando-la-literatura-se-invita-a-si-misma-a-nuestros-aparcamientos\/#primaryimage\"},\"thumbnailUrl\":\"https:\/\/www.group-indigo.com\/wp-content\/uploads\/2024\/04\/Image-mise-en-avant-44.png\",\"articleSection\":[\"Sin categorizar\"],\"inLanguage\":\"es\"},{\"@type\":\"WebPage\",\"@id\":\"https:\/\/www.group-indigo.com\/es\/presse\/actualite\/cuando-la-literatura-se-invita-a-si-misma-a-nuestros-aparcamientos\/\",\"url\":\"https:\/\/www.group-indigo.com\/es\/presse\/actualite\/cuando-la-literatura-se-invita-a-si-misma-a-nuestros-aparcamientos\/\",\"name\":\"Cuando la literatura se invita a s\u00ed misma a nuestros aparcamientos - Groupe INDIGO\",\"isPartOf\":{\"@id\":\"https:\/\/www.group-indigo.com\/es\/#website\"},\"primaryImageOfPage\":{\"@id\":\"https:\/\/www.group-indigo.com\/es\/presse\/actualite\/cuando-la-literatura-se-invita-a-si-misma-a-nuestros-aparcamientos\/#primaryimage\"},\"image\":{\"@id\":\"https:\/\/www.group-indigo.com\/es\/presse\/actualite\/cuando-la-literatura-se-invita-a-si-misma-a-nuestros-aparcamientos\/#primaryimage\"},\"thumbnailUrl\":\"https:\/\/www.group-indigo.com\/wp-content\/uploads\/2024\/04\/Image-mise-en-avant-44.png\",\"datePublished\":\"2024-04-19T10:03:17+00:00\",\"dateModified\":\"2025-06-26T17:27:36+00:00\",\"description\":\"Como socio del festival de literatura y periodismo Le Livre \u00e0 Metz, que se celebra del 19 al 21 de abril de 2024, INDIGO lleva a los asistentes al\",\"breadcrumb\":{\"@id\":\"https:\/\/www.group-indigo.com\/es\/presse\/actualite\/cuando-la-literatura-se-invita-a-si-misma-a-nuestros-aparcamientos\/#breadcrumb\"},\"inLanguage\":\"es\",\"potentialAction\":[{\"@type\":\"ReadAction\",\"target\":[\"https:\/\/www.group-indigo.com\/es\/presse\/actualite\/cuando-la-literatura-se-invita-a-si-misma-a-nuestros-aparcamientos\/\"]}]},{\"@type\":\"ImageObject\",\"inLanguage\":\"es\",\"@id\":\"https:\/\/www.group-indigo.com\/es\/presse\/actualite\/cuando-la-literatura-se-invita-a-si-misma-a-nuestros-aparcamientos\/#primaryimage\",\"url\":\"https:\/\/www.group-indigo.com\/wp-content\/uploads\/2024\/04\/Image-mise-en-avant-44.png\",\"contentUrl\":\"https:\/\/www.group-indigo.com\/wp-content\/uploads\/2024\/04\/Image-mise-en-avant-44.png\"},{\"@type\":\"BreadcrumbList\",\"@id\":\"https:\/\/www.group-indigo.com\/es\/presse\/actualite\/cuando-la-literatura-se-invita-a-si-misma-a-nuestros-aparcamientos\/#breadcrumb\",\"itemListElement\":[{\"@type\":\"ListItem\",\"position\":1,\"name\":\"Home\",\"item\":\"https:\/\/www.group-indigo.com\/es\/\"},{\"@type\":\"ListItem\",\"position\":2,\"name\":\"Cuando la literatura se invita a s\u00ed misma a nuestros aparcamientos\"}]},{\"@type\":\"WebSite\",\"@id\":\"https:\/\/www.group-indigo.com\/es\/#website\",\"url\":\"https:\/\/www.group-indigo.com\/es\/\",\"name\":\"Groupe INDIGO\",\"description\":\"\",\"publisher\":{\"@id\":\"https:\/\/www.group-indigo.com\/es\/#organization\"},\"potentialAction\":[{\"@type\":\"SearchAction\",\"target\":{\"@type\":\"EntryPoint\",\"urlTemplate\":\"https:\/\/www.group-indigo.com\/es\/?s={search_term_string}\"},\"query-input\":{\"@type\":\"PropertyValueSpecification\",\"valueRequired\":true,\"valueName\":\"search_term_string\"}}],\"inLanguage\":\"es\"},{\"@type\":\"Organization\",\"@id\":\"https:\/\/www.group-indigo.com\/es\/#organization\",\"name\":\"Groupe INDIGO\",\"url\":\"https:\/\/www.group-indigo.com\/es\/\",\"logo\":{\"@type\":\"ImageObject\",\"inLanguage\":\"es\",\"@id\":\"https:\/\/www.group-indigo.com\/es\/#\/schema\/logo\/image\/\",\"url\":\"https:\/\/www.group-indigo.com\/wp-content\/uploads\/2026\/03\/login-logo.svg\",\"contentUrl\":\"https:\/\/www.group-indigo.com\/wp-content\/uploads\/2026\/03\/login-logo.svg\",\"width\":223,\"height\":49,\"caption\":\"Groupe INDIGO\"},\"image\":{\"@id\":\"https:\/\/www.group-indigo.com\/es\/#\/schema\/logo\/image\/\"}},{\"@type\":\"Person\",\"@id\":\"https:\/\/www.group-indigo.com\/es\/#\/schema\/person\/93bd6142e944556b9912f16b648e199a\",\"name\":\"Admin\",\"sameAs\":[\"http:\/\/www.group-indigo.com\"]}]}<\/script>\n<!-- \/ Yoast SEO plugin. -->","yoast_head_json":{"title":"Cuando la literatura se invita a s\u00ed misma a nuestros aparcamientos - Groupe INDIGO","description":"Como socio del festival de literatura y periodismo Le Livre \u00e0 Metz, que se celebra del 19 al 21 de abril de 2024, INDIGO lleva a los asistentes al","robots":{"index":"index","follow":"follow","max-snippet":"max-snippet:-1","max-image-preview":"max-image-preview:large","max-video-preview":"max-video-preview:-1"},"canonical":"https:\/\/www.group-indigo.com\/es\/presse\/actualite\/cuando-la-literatura-se-invita-a-si-misma-a-nuestros-aparcamientos\/","og_locale":"es_ES","og_type":"article","og_title":"Cuando la literatura se invita a s\u00ed misma a nuestros aparcamientos - Groupe INDIGO","og_description":"Como socio del festival de literatura y periodismo Le Livre \u00e0 Metz, que se celebra del 19 al 21 de abril de 2024, INDIGO lleva a los asistentes al","og_url":"https:\/\/www.group-indigo.com\/es\/presse\/actualite\/cuando-la-literatura-se-invita-a-si-misma-a-nuestros-aparcamientos\/","og_site_name":"Groupe INDIGO","article_published_time":"2024-04-19T10:03:17+00:00","article_modified_time":"2025-06-26T17:27:36+00:00","og_image":[{"url":"https:\/\/www.group-indigo.com\/wp-content\/uploads\/2024\/04\/Image-mise-en-avant-44.png","type":"","width":"","height":""}],"author":"Admin","twitter_card":"summary_large_image","schema":{"@context":"https:\/\/schema.org","@graph":[{"@type":"Article","@id":"https:\/\/www.group-indigo.com\/es\/presse\/actualite\/cuando-la-literatura-se-invita-a-si-misma-a-nuestros-aparcamientos\/#article","isPartOf":{"@id":"https:\/\/www.group-indigo.com\/es\/presse\/actualite\/cuando-la-literatura-se-invita-a-si-misma-a-nuestros-aparcamientos\/"},"author":{"name":"Admin","@id":"https:\/\/www.group-indigo.com\/es\/#\/schema\/person\/93bd6142e944556b9912f16b648e199a"},"headline":"Cuando la literatura se invita a s\u00ed misma a nuestros aparcamientos","datePublished":"2024-04-19T10:03:17+00:00","dateModified":"2025-06-26T17:27:36+00:00","mainEntityOfPage":{"@id":"https:\/\/www.group-indigo.com\/es\/presse\/actualite\/cuando-la-literatura-se-invita-a-si-misma-a-nuestros-aparcamientos\/"},"wordCount":407,"publisher":{"@id":"https:\/\/www.group-indigo.com\/es\/#organization"},"image":{"@id":"https:\/\/www.group-indigo.com\/es\/presse\/actualite\/cuando-la-literatura-se-invita-a-si-misma-a-nuestros-aparcamientos\/#primaryimage"},"thumbnailUrl":"https:\/\/www.group-indigo.com\/wp-content\/uploads\/2024\/04\/Image-mise-en-avant-44.png","articleSection":["Sin categorizar"],"inLanguage":"es"},{"@type":"WebPage","@id":"https:\/\/www.group-indigo.com\/es\/presse\/actualite\/cuando-la-literatura-se-invita-a-si-misma-a-nuestros-aparcamientos\/","url":"https:\/\/www.group-indigo.com\/es\/presse\/actualite\/cuando-la-literatura-se-invita-a-si-misma-a-nuestros-aparcamientos\/","name":"Cuando la literatura se invita a s\u00ed misma a nuestros aparcamientos - Groupe INDIGO","isPartOf":{"@id":"https:\/\/www.group-indigo.com\/es\/#website"},"primaryImageOfPage":{"@id":"https:\/\/www.group-indigo.com\/es\/presse\/actualite\/cuando-la-literatura-se-invita-a-si-misma-a-nuestros-aparcamientos\/#primaryimage"},"image":{"@id":"https:\/\/www.group-indigo.com\/es\/presse\/actualite\/cuando-la-literatura-se-invita-a-si-misma-a-nuestros-aparcamientos\/#primaryimage"},"thumbnailUrl":"https:\/\/www.group-indigo.com\/wp-content\/uploads\/2024\/04\/Image-mise-en-avant-44.png","datePublished":"2024-04-19T10:03:17+00:00","dateModified":"2025-06-26T17:27:36+00:00","description":"Como socio del festival de literatura y periodismo Le Livre \u00e0 Metz, que se celebra del 19 al 21 de abril de 2024, INDIGO lleva a los asistentes al","breadcrumb":{"@id":"https:\/\/www.group-indigo.com\/es\/presse\/actualite\/cuando-la-literatura-se-invita-a-si-misma-a-nuestros-aparcamientos\/#breadcrumb"},"inLanguage":"es","potentialAction":[{"@type":"ReadAction","target":["https:\/\/www.group-indigo.com\/es\/presse\/actualite\/cuando-la-literatura-se-invita-a-si-misma-a-nuestros-aparcamientos\/"]}]},{"@type":"ImageObject","inLanguage":"es","@id":"https:\/\/www.group-indigo.com\/es\/presse\/actualite\/cuando-la-literatura-se-invita-a-si-misma-a-nuestros-aparcamientos\/#primaryimage","url":"https:\/\/www.group-indigo.com\/wp-content\/uploads\/2024\/04\/Image-mise-en-avant-44.png","contentUrl":"https:\/\/www.group-indigo.com\/wp-content\/uploads\/2024\/04\/Image-mise-en-avant-44.png"},{"@type":"BreadcrumbList","@id":"https:\/\/www.group-indigo.com\/es\/presse\/actualite\/cuando-la-literatura-se-invita-a-si-misma-a-nuestros-aparcamientos\/#breadcrumb","itemListElement":[{"@type":"ListItem","position":1,"name":"Home","item":"https:\/\/www.group-indigo.com\/es\/"},{"@type":"ListItem","position":2,"name":"Cuando la literatura se invita a s\u00ed misma a nuestros aparcamientos"}]},{"@type":"WebSite","@id":"https:\/\/www.group-indigo.com\/es\/#website","url":"https:\/\/www.group-indigo.com\/es\/","name":"Groupe INDIGO","description":"","publisher":{"@id":"https:\/\/www.group-indigo.com\/es\/#organization"},"potentialAction":[{"@type":"SearchAction","target":{"@type":"EntryPoint","urlTemplate":"https:\/\/www.group-indigo.com\/es\/?s={search_term_string}"},"query-input":{"@type":"PropertyValueSpecification","valueRequired":true,"valueName":"search_term_string"}}],"inLanguage":"es"},{"@type":"Organization","@id":"https:\/\/www.group-indigo.com\/es\/#organization","name":"Groupe INDIGO","url":"https:\/\/www.group-indigo.com\/es\/","logo":{"@type":"ImageObject","inLanguage":"es","@id":"https:\/\/www.group-indigo.com\/es\/#\/schema\/logo\/image\/","url":"https:\/\/www.group-indigo.com\/wp-content\/uploads\/2026\/03\/login-logo.svg","contentUrl":"https:\/\/www.group-indigo.com\/wp-content\/uploads\/2026\/03\/login-logo.svg","width":223,"height":49,"caption":"Groupe INDIGO"},"image":{"@id":"https:\/\/www.group-indigo.com\/es\/#\/schema\/logo\/image\/"}},{"@type":"Person","@id":"https:\/\/www.group-indigo.com\/es\/#\/schema\/person\/93bd6142e944556b9912f16b648e199a","name":"Admin","sameAs":["http:\/\/www.group-indigo.com"]}]}},"_links":{"self":[{"href":"https:\/\/www.group-indigo.com\/es\/wp-json\/wp\/v2\/posts\/1100085849","targetHints":{"allow":["GET"]}}],"collection":[{"href":"https:\/\/www.group-indigo.com\/es\/wp-json\/wp\/v2\/posts"}],"about":[{"href":"https:\/\/www.group-indigo.com\/es\/wp-json\/wp\/v2\/types\/post"}],"author":[{"embeddable":true,"href":"https:\/\/www.group-indigo.com\/es\/wp-json\/wp\/v2\/users\/1"}],"replies":[{"embeddable":true,"href":"https:\/\/www.group-indigo.com\/es\/wp-json\/wp\/v2\/comments?post=1100085849"}],"version-history":[{"count":1,"href":"https:\/\/www.group-indigo.com\/es\/wp-json\/wp\/v2\/posts\/1100085849\/revisions"}],"predecessor-version":[{"id":1100085850,"href":"https:\/\/www.group-indigo.com\/es\/wp-json\/wp\/v2\/posts\/1100085849\/revisions\/1100085850"}],"wp:attachment":[{"href":"https:\/\/www.group-indigo.com\/es\/wp-json\/wp\/v2\/media?parent=1100085849"}],"wp:term":[{"taxonomy":"category","embeddable":true,"href":"https:\/\/www.group-indigo.com\/es\/wp-json\/wp\/v2\/categories?post=1100085849"},{"taxonomy":"post_tag","embeddable":true,"href":"https:\/\/www.group-indigo.com\/es\/wp-json\/wp\/v2\/tags?post=1100085849"}],"curies":[{"name":"wp","href":"https:\/\/api.w.org\/{rel}","templated":true}]}}