{"id":1100090825,"date":"2022-11-16T15:04:45","date_gmt":"2022-11-16T14:04:45","guid":{"rendered":"https:\/\/www.group-indigo.com\/indigo-refuerza-su-desarrollo-en-nancy-con-la-adquisicion-del-aparcamiento-del-centro-comercial-saint-sebastien\/"},"modified":"2025-07-03T16:07:49","modified_gmt":"2025-07-03T14:07:49","slug":"indigo-refuerza-su-desarrollo-en-nancy-con-la-adquisicion-del-aparcamiento-del-centro-comercial-saint-sebastien","status":"publish","type":"post","link":"https:\/\/www.group-indigo.com\/es\/presse\/actualite\/indigo-refuerza-su-desarrollo-en-nancy-con-la-adquisicion-del-aparcamiento-del-centro-comercial-saint-sebastien\/","title":{"rendered":"INDIGO refuerza su desarrollo en Nancy con la adquisici\u00f3n del aparcamiento del centro comercial Saint-S\u00e9bastien"},"content":{"rendered":"\n<p>INDIGO se enorgullece de anunciar un nuevo \u00e9xito en Nancy: el grupo ha firmado un contrato con los propietarios del <span style=\"color: #b80e80;\"><strong>del aparcamiento del centro comercial Saint-S\u00e9bastien<\/strong><\/span> para explotar el aparcamiento <span style=\"color: #552373;\"><strong>durante 12 a\u00f1os<\/strong><\/span>. Este contrato refuerza la presencia de INDIGO en Nancy. <\/p>\n\n<figure class=\"wp-block-image size-large\"><img decoding=\"async\" width=\"1024\" height=\"576\" src=\"https:\/\/www.group-indigo.com\/wp-content\/uploads\/2022\/11\/Parking-Saint-sebastien-Nancy-1024x576.jpg\" alt=\"\" class=\"wp-image-1100023655\" srcset=\"https:\/\/www.group-indigo.com\/wp-content\/uploads\/2022\/11\/Parking-Saint-sebastien-Nancy-1024x576.jpg 1024w, https:\/\/www.group-indigo.com\/wp-content\/uploads\/2022\/11\/Parking-Saint-sebastien-Nancy-300x169.jpg 300w, https:\/\/www.group-indigo.com\/wp-content\/uploads\/2022\/11\/Parking-Saint-sebastien-Nancy-768x432.jpg 768w, https:\/\/www.group-indigo.com\/wp-content\/uploads\/2022\/11\/Parking-Saint-sebastien-Nancy.jpg 1280w\" sizes=\"(max-width: 1024px) 100vw, 1024px\" \/><\/figure>\n\n<p>A principios de 2022, el Grupo obtuvo la renovaci\u00f3n de los contratos p\u00fablicos de los aparcamientos Stanislas y Vaud\u00e9mont, as\u00ed como la gesti\u00f3n del aparcamiento en la v\u00eda p\u00fablica. El aparcamiento Centre Commercial Saint-S\u00e9bastien est\u00e1 idealmente situado en el coraz\u00f3n de la<strong><span style=\"color: #b80e80;\"> ciudad de Nancy<\/span><\/strong> cerca de la estaci\u00f3n, del mercado cubierto, del Palacio de Congresos, de la calle comercial peatonal y, sobre todo, del centro comercial Saint-S\u00e9bastien. Conocido por los habitantes de Nancy desde 1979, goza de una ubicaci\u00f3n privilegiada en un momento en que el Ayuntamiento de Nancy est\u00e1 llevando a cabo la peatonalizaci\u00f3n del centro de la ciudad. Tambi\u00e9n se encuentra en las inmediaciones de la boutique INDIGO de Nancy, situada en el aparcamiento Charles III. El aparcamiento Saint-S\u00e9bastien (<span style=\"color: #552373;\"><strong>1.085 plazas<\/strong><\/span>) tiene dos niveles de silos, con <span style=\"color: #552373;\"><strong>595 plazas<\/strong><\/span> plazas de terraza.    <\/p>\n\n<p><strong>INDIGO<\/strong>, que toma el relevo de un operador privado, tiene la misi\u00f3n de ayudar al centro comercial a recuperarse del periodo Covid e introducir nuevos servicios, como el despliegue de <strong><span style=\"color: #552373;\">55 puntos de carga<\/span><\/strong> para veh\u00edculos el\u00e9ctricos. INDIGO ha llegado a un acuerdo con los propietarios (incluido el gestor del centro comercial, AEW) sobre la base de un contrato de arrendamiento de 12 a\u00f1os. Durante este periodo, abrir\u00e1n sus puertas nuevos comercios (bricolaje y supermercados, sobre todo), mientras que la reestructuraci\u00f3n del antiguo Palacio de Congresos y el desarrollo del barrio del Grand C\u0153ur (donde Indigo gestiona un aparcamiento de <strong><span style=\"color: #b80e80;\">385 plazas<\/span><\/strong>). INDIGO da la bienvenida en el recinto a dos nuevos empleados, que han tomado el relevo del anterior operador.   <\/p>\n\n<p>\u00a0<\/p>\n","protected":false},"excerpt":{"rendered":"<p>INDIGO se enorgullece de anunciar un nuevo \u00e9xito en Nancy: el grupo ha firmado un contrato con los propietarios del del aparcamiento del centro comercial Saint-S\u00e9bastien para explotar el aparcamiento durante 12 a\u00f1os. Este contrato refuerza la presencia de INDIGO en Nancy. A principios de 2022, el Grupo obtuvo la renovaci\u00f3n de los contratos p\u00fablicos [&hellip;]<\/p>\n","protected":false},"author":1,"featured_media":1100090826,"comment_status":"closed","ping_status":"open","sticky":false,"template":"","format":"standard","meta":{"_acf_changed":false,"inline_featured_image":false,"footnotes":""},"categories":[66],"tags":[],"class_list":["post-1100090825","post","type-post","status-publish","format-standard","has-post-thumbnail","hentry","category-sin-categorizar"],"acf":[],"yoast_head":"<!-- This site is optimized with the Yoast SEO plugin v27.2 - https:\/\/yoast.com\/product\/yoast-seo-wordpress\/ -->\n<title>INDIGO refuerza su desarrollo en Nancy con la adquisici\u00f3n del aparcamiento del centro comercial Saint-S\u00e9bastien - Groupe INDIGO<\/title>\n<meta name=\"description\" content=\"INDIGO se enorgullece de anunciar un nuevo \u00e9xito en Nancy: el grupo ha firmado un contrato con los propietarios del del aparcamiento del centro comercial\" \/>\n<meta name=\"robots\" content=\"index, follow, max-snippet:-1, max-image-preview:large, max-video-preview:-1\" \/>\n<link rel=\"canonical\" href=\"https:\/\/www.group-indigo.com\/es\/presse\/actualite\/indigo-refuerza-su-desarrollo-en-nancy-con-la-adquisicion-del-aparcamiento-del-centro-comercial-saint-sebastien\/\" \/>\n<meta property=\"og:locale\" content=\"es_ES\" \/>\n<meta property=\"og:type\" content=\"article\" \/>\n<meta property=\"og:title\" content=\"INDIGO refuerza su desarrollo en Nancy con la adquisici\u00f3n del aparcamiento del centro comercial Saint-S\u00e9bastien - Groupe INDIGO\" \/>\n<meta property=\"og:description\" content=\"INDIGO se enorgullece de anunciar un nuevo \u00e9xito en Nancy: el grupo ha firmado un contrato con los propietarios del del aparcamiento del centro comercial\" \/>\n<meta property=\"og:url\" content=\"https:\/\/www.group-indigo.com\/es\/presse\/actualite\/indigo-refuerza-su-desarrollo-en-nancy-con-la-adquisicion-del-aparcamiento-del-centro-comercial-saint-sebastien\/\" \/>\n<meta property=\"og:site_name\" content=\"Groupe INDIGO\" \/>\n<meta property=\"article:published_time\" content=\"2022-11-16T14:04:45+00:00\" \/>\n<meta property=\"article:modified_time\" content=\"2025-07-03T14:07:49+00:00\" \/>\n<meta property=\"og:image\" content=\"https:\/\/www.group-indigo.com\/wp-content\/uploads\/2022\/11\/Parking-Saint-sebastien-Nancy.jpg\" \/>\n\t<meta property=\"og:image:width\" content=\"1280\" \/>\n\t<meta property=\"og:image:height\" content=\"720\" \/>\n\t<meta property=\"og:image:type\" content=\"image\/jpeg\" \/>\n<meta name=\"author\" content=\"Admin\" \/>\n<meta name=\"twitter:card\" content=\"summary_large_image\" \/>\n<script type=\"application\/ld+json\" class=\"yoast-schema-graph\">{\"@context\":\"https:\/\/schema.org\",\"@graph\":[{\"@type\":\"Article\",\"@id\":\"https:\/\/www.group-indigo.com\/es\/presse\/actualite\/indigo-refuerza-su-desarrollo-en-nancy-con-la-adquisicion-del-aparcamiento-del-centro-comercial-saint-sebastien\/#article\",\"isPartOf\":{\"@id\":\"https:\/\/www.group-indigo.com\/es\/presse\/actualite\/indigo-refuerza-su-desarrollo-en-nancy-con-la-adquisicion-del-aparcamiento-del-centro-comercial-saint-sebastien\/\"},\"author\":{\"name\":\"Admin\",\"@id\":\"https:\/\/www.group-indigo.com\/es\/#\/schema\/person\/93bd6142e944556b9912f16b648e199a\"},\"headline\":\"INDIGO refuerza su desarrollo en Nancy con la adquisici\u00f3n del aparcamiento del centro comercial Saint-S\u00e9bastien\",\"datePublished\":\"2022-11-16T14:04:45+00:00\",\"dateModified\":\"2025-07-03T14:07:49+00:00\",\"mainEntityOfPage\":{\"@id\":\"https:\/\/www.group-indigo.com\/es\/presse\/actualite\/indigo-refuerza-su-desarrollo-en-nancy-con-la-adquisicion-del-aparcamiento-del-centro-comercial-saint-sebastien\/\"},\"wordCount\":330,\"publisher\":{\"@id\":\"https:\/\/www.group-indigo.com\/es\/#organization\"},\"image\":{\"@id\":\"https:\/\/www.group-indigo.com\/es\/presse\/actualite\/indigo-refuerza-su-desarrollo-en-nancy-con-la-adquisicion-del-aparcamiento-del-centro-comercial-saint-sebastien\/#primaryimage\"},\"thumbnailUrl\":\"https:\/\/www.group-indigo.com\/wp-content\/uploads\/2022\/11\/Parking-Saint-sebastien-Nancy.jpg\",\"articleSection\":[\"Sin categorizar\"],\"inLanguage\":\"es\"},{\"@type\":\"WebPage\",\"@id\":\"https:\/\/www.group-indigo.com\/es\/presse\/actualite\/indigo-refuerza-su-desarrollo-en-nancy-con-la-adquisicion-del-aparcamiento-del-centro-comercial-saint-sebastien\/\",\"url\":\"https:\/\/www.group-indigo.com\/es\/presse\/actualite\/indigo-refuerza-su-desarrollo-en-nancy-con-la-adquisicion-del-aparcamiento-del-centro-comercial-saint-sebastien\/\",\"name\":\"INDIGO refuerza su desarrollo en Nancy con la adquisici\u00f3n del aparcamiento del centro comercial Saint-S\u00e9bastien - Groupe INDIGO\",\"isPartOf\":{\"@id\":\"https:\/\/www.group-indigo.com\/es\/#website\"},\"primaryImageOfPage\":{\"@id\":\"https:\/\/www.group-indigo.com\/es\/presse\/actualite\/indigo-refuerza-su-desarrollo-en-nancy-con-la-adquisicion-del-aparcamiento-del-centro-comercial-saint-sebastien\/#primaryimage\"},\"image\":{\"@id\":\"https:\/\/www.group-indigo.com\/es\/presse\/actualite\/indigo-refuerza-su-desarrollo-en-nancy-con-la-adquisicion-del-aparcamiento-del-centro-comercial-saint-sebastien\/#primaryimage\"},\"thumbnailUrl\":\"https:\/\/www.group-indigo.com\/wp-content\/uploads\/2022\/11\/Parking-Saint-sebastien-Nancy.jpg\",\"datePublished\":\"2022-11-16T14:04:45+00:00\",\"dateModified\":\"2025-07-03T14:07:49+00:00\",\"description\":\"INDIGO se enorgullece de anunciar un nuevo \u00e9xito en Nancy: el grupo ha firmado un contrato con los propietarios del del aparcamiento del centro comercial\",\"breadcrumb\":{\"@id\":\"https:\/\/www.group-indigo.com\/es\/presse\/actualite\/indigo-refuerza-su-desarrollo-en-nancy-con-la-adquisicion-del-aparcamiento-del-centro-comercial-saint-sebastien\/#breadcrumb\"},\"inLanguage\":\"es\",\"potentialAction\":[{\"@type\":\"ReadAction\",\"target\":[\"https:\/\/www.group-indigo.com\/es\/presse\/actualite\/indigo-refuerza-su-desarrollo-en-nancy-con-la-adquisicion-del-aparcamiento-del-centro-comercial-saint-sebastien\/\"]}]},{\"@type\":\"ImageObject\",\"inLanguage\":\"es\",\"@id\":\"https:\/\/www.group-indigo.com\/es\/presse\/actualite\/indigo-refuerza-su-desarrollo-en-nancy-con-la-adquisicion-del-aparcamiento-del-centro-comercial-saint-sebastien\/#primaryimage\",\"url\":\"https:\/\/www.group-indigo.com\/wp-content\/uploads\/2022\/11\/Parking-Saint-sebastien-Nancy.jpg\",\"contentUrl\":\"https:\/\/www.group-indigo.com\/wp-content\/uploads\/2022\/11\/Parking-Saint-sebastien-Nancy.jpg\",\"width\":1280,\"height\":720},{\"@type\":\"BreadcrumbList\",\"@id\":\"https:\/\/www.group-indigo.com\/es\/presse\/actualite\/indigo-refuerza-su-desarrollo-en-nancy-con-la-adquisicion-del-aparcamiento-del-centro-comercial-saint-sebastien\/#breadcrumb\",\"itemListElement\":[{\"@type\":\"ListItem\",\"position\":1,\"name\":\"Home\",\"item\":\"https:\/\/www.group-indigo.com\/es\/\"},{\"@type\":\"ListItem\",\"position\":2,\"name\":\"INDIGO refuerza su desarrollo en Nancy con la adquisici\u00f3n del aparcamiento del centro comercial Saint-S\u00e9bastien\"}]},{\"@type\":\"WebSite\",\"@id\":\"https:\/\/www.group-indigo.com\/es\/#website\",\"url\":\"https:\/\/www.group-indigo.com\/es\/\",\"name\":\"Groupe INDIGO\",\"description\":\"\",\"publisher\":{\"@id\":\"https:\/\/www.group-indigo.com\/es\/#organization\"},\"potentialAction\":[{\"@type\":\"SearchAction\",\"target\":{\"@type\":\"EntryPoint\",\"urlTemplate\":\"https:\/\/www.group-indigo.com\/es\/?s={search_term_string}\"},\"query-input\":{\"@type\":\"PropertyValueSpecification\",\"valueRequired\":true,\"valueName\":\"search_term_string\"}}],\"inLanguage\":\"es\"},{\"@type\":\"Organization\",\"@id\":\"https:\/\/www.group-indigo.com\/es\/#organization\",\"name\":\"Groupe INDIGO\",\"url\":\"https:\/\/www.group-indigo.com\/es\/\",\"logo\":{\"@type\":\"ImageObject\",\"inLanguage\":\"es\",\"@id\":\"https:\/\/www.group-indigo.com\/es\/#\/schema\/logo\/image\/\",\"url\":\"https:\/\/www.group-indigo.com\/wp-content\/uploads\/2026\/03\/login-logo.svg\",\"contentUrl\":\"https:\/\/www.group-indigo.com\/wp-content\/uploads\/2026\/03\/login-logo.svg\",\"width\":223,\"height\":49,\"caption\":\"Groupe INDIGO\"},\"image\":{\"@id\":\"https:\/\/www.group-indigo.com\/es\/#\/schema\/logo\/image\/\"}},{\"@type\":\"Person\",\"@id\":\"https:\/\/www.group-indigo.com\/es\/#\/schema\/person\/93bd6142e944556b9912f16b648e199a\",\"name\":\"Admin\",\"sameAs\":[\"http:\/\/www.group-indigo.com\"]}]}<\/script>\n<!-- \/ Yoast SEO plugin. -->","yoast_head_json":{"title":"INDIGO refuerza su desarrollo en Nancy con la adquisici\u00f3n del aparcamiento del centro comercial Saint-S\u00e9bastien - Groupe INDIGO","description":"INDIGO se enorgullece de anunciar un nuevo \u00e9xito en Nancy: el grupo ha firmado un contrato con los propietarios del del aparcamiento del centro comercial","robots":{"index":"index","follow":"follow","max-snippet":"max-snippet:-1","max-image-preview":"max-image-preview:large","max-video-preview":"max-video-preview:-1"},"canonical":"https:\/\/www.group-indigo.com\/es\/presse\/actualite\/indigo-refuerza-su-desarrollo-en-nancy-con-la-adquisicion-del-aparcamiento-del-centro-comercial-saint-sebastien\/","og_locale":"es_ES","og_type":"article","og_title":"INDIGO refuerza su desarrollo en Nancy con la adquisici\u00f3n del aparcamiento del centro comercial Saint-S\u00e9bastien - Groupe INDIGO","og_description":"INDIGO se enorgullece de anunciar un nuevo \u00e9xito en Nancy: el grupo ha firmado un contrato con los propietarios del del aparcamiento del centro comercial","og_url":"https:\/\/www.group-indigo.com\/es\/presse\/actualite\/indigo-refuerza-su-desarrollo-en-nancy-con-la-adquisicion-del-aparcamiento-del-centro-comercial-saint-sebastien\/","og_site_name":"Groupe INDIGO","article_published_time":"2022-11-16T14:04:45+00:00","article_modified_time":"2025-07-03T14:07:49+00:00","og_image":[{"width":1280,"height":720,"url":"https:\/\/www.group-indigo.com\/wp-content\/uploads\/2022\/11\/Parking-Saint-sebastien-Nancy.jpg","type":"image\/jpeg"}],"author":"Admin","twitter_card":"summary_large_image","schema":{"@context":"https:\/\/schema.org","@graph":[{"@type":"Article","@id":"https:\/\/www.group-indigo.com\/es\/presse\/actualite\/indigo-refuerza-su-desarrollo-en-nancy-con-la-adquisicion-del-aparcamiento-del-centro-comercial-saint-sebastien\/#article","isPartOf":{"@id":"https:\/\/www.group-indigo.com\/es\/presse\/actualite\/indigo-refuerza-su-desarrollo-en-nancy-con-la-adquisicion-del-aparcamiento-del-centro-comercial-saint-sebastien\/"},"author":{"name":"Admin","@id":"https:\/\/www.group-indigo.com\/es\/#\/schema\/person\/93bd6142e944556b9912f16b648e199a"},"headline":"INDIGO refuerza su desarrollo en Nancy con la adquisici\u00f3n del aparcamiento del centro comercial Saint-S\u00e9bastien","datePublished":"2022-11-16T14:04:45+00:00","dateModified":"2025-07-03T14:07:49+00:00","mainEntityOfPage":{"@id":"https:\/\/www.group-indigo.com\/es\/presse\/actualite\/indigo-refuerza-su-desarrollo-en-nancy-con-la-adquisicion-del-aparcamiento-del-centro-comercial-saint-sebastien\/"},"wordCount":330,"publisher":{"@id":"https:\/\/www.group-indigo.com\/es\/#organization"},"image":{"@id":"https:\/\/www.group-indigo.com\/es\/presse\/actualite\/indigo-refuerza-su-desarrollo-en-nancy-con-la-adquisicion-del-aparcamiento-del-centro-comercial-saint-sebastien\/#primaryimage"},"thumbnailUrl":"https:\/\/www.group-indigo.com\/wp-content\/uploads\/2022\/11\/Parking-Saint-sebastien-Nancy.jpg","articleSection":["Sin categorizar"],"inLanguage":"es"},{"@type":"WebPage","@id":"https:\/\/www.group-indigo.com\/es\/presse\/actualite\/indigo-refuerza-su-desarrollo-en-nancy-con-la-adquisicion-del-aparcamiento-del-centro-comercial-saint-sebastien\/","url":"https:\/\/www.group-indigo.com\/es\/presse\/actualite\/indigo-refuerza-su-desarrollo-en-nancy-con-la-adquisicion-del-aparcamiento-del-centro-comercial-saint-sebastien\/","name":"INDIGO refuerza su desarrollo en Nancy con la adquisici\u00f3n del aparcamiento del centro comercial Saint-S\u00e9bastien - Groupe INDIGO","isPartOf":{"@id":"https:\/\/www.group-indigo.com\/es\/#website"},"primaryImageOfPage":{"@id":"https:\/\/www.group-indigo.com\/es\/presse\/actualite\/indigo-refuerza-su-desarrollo-en-nancy-con-la-adquisicion-del-aparcamiento-del-centro-comercial-saint-sebastien\/#primaryimage"},"image":{"@id":"https:\/\/www.group-indigo.com\/es\/presse\/actualite\/indigo-refuerza-su-desarrollo-en-nancy-con-la-adquisicion-del-aparcamiento-del-centro-comercial-saint-sebastien\/#primaryimage"},"thumbnailUrl":"https:\/\/www.group-indigo.com\/wp-content\/uploads\/2022\/11\/Parking-Saint-sebastien-Nancy.jpg","datePublished":"2022-11-16T14:04:45+00:00","dateModified":"2025-07-03T14:07:49+00:00","description":"INDIGO se enorgullece de anunciar un nuevo \u00e9xito en Nancy: el grupo ha firmado un contrato con los propietarios del del aparcamiento del centro comercial","breadcrumb":{"@id":"https:\/\/www.group-indigo.com\/es\/presse\/actualite\/indigo-refuerza-su-desarrollo-en-nancy-con-la-adquisicion-del-aparcamiento-del-centro-comercial-saint-sebastien\/#breadcrumb"},"inLanguage":"es","potentialAction":[{"@type":"ReadAction","target":["https:\/\/www.group-indigo.com\/es\/presse\/actualite\/indigo-refuerza-su-desarrollo-en-nancy-con-la-adquisicion-del-aparcamiento-del-centro-comercial-saint-sebastien\/"]}]},{"@type":"ImageObject","inLanguage":"es","@id":"https:\/\/www.group-indigo.com\/es\/presse\/actualite\/indigo-refuerza-su-desarrollo-en-nancy-con-la-adquisicion-del-aparcamiento-del-centro-comercial-saint-sebastien\/#primaryimage","url":"https:\/\/www.group-indigo.com\/wp-content\/uploads\/2022\/11\/Parking-Saint-sebastien-Nancy.jpg","contentUrl":"https:\/\/www.group-indigo.com\/wp-content\/uploads\/2022\/11\/Parking-Saint-sebastien-Nancy.jpg","width":1280,"height":720},{"@type":"BreadcrumbList","@id":"https:\/\/www.group-indigo.com\/es\/presse\/actualite\/indigo-refuerza-su-desarrollo-en-nancy-con-la-adquisicion-del-aparcamiento-del-centro-comercial-saint-sebastien\/#breadcrumb","itemListElement":[{"@type":"ListItem","position":1,"name":"Home","item":"https:\/\/www.group-indigo.com\/es\/"},{"@type":"ListItem","position":2,"name":"INDIGO refuerza su desarrollo en Nancy con la adquisici\u00f3n del aparcamiento del centro comercial Saint-S\u00e9bastien"}]},{"@type":"WebSite","@id":"https:\/\/www.group-indigo.com\/es\/#website","url":"https:\/\/www.group-indigo.com\/es\/","name":"Groupe INDIGO","description":"","publisher":{"@id":"https:\/\/www.group-indigo.com\/es\/#organization"},"potentialAction":[{"@type":"SearchAction","target":{"@type":"EntryPoint","urlTemplate":"https:\/\/www.group-indigo.com\/es\/?s={search_term_string}"},"query-input":{"@type":"PropertyValueSpecification","valueRequired":true,"valueName":"search_term_string"}}],"inLanguage":"es"},{"@type":"Organization","@id":"https:\/\/www.group-indigo.com\/es\/#organization","name":"Groupe INDIGO","url":"https:\/\/www.group-indigo.com\/es\/","logo":{"@type":"ImageObject","inLanguage":"es","@id":"https:\/\/www.group-indigo.com\/es\/#\/schema\/logo\/image\/","url":"https:\/\/www.group-indigo.com\/wp-content\/uploads\/2026\/03\/login-logo.svg","contentUrl":"https:\/\/www.group-indigo.com\/wp-content\/uploads\/2026\/03\/login-logo.svg","width":223,"height":49,"caption":"Groupe INDIGO"},"image":{"@id":"https:\/\/www.group-indigo.com\/es\/#\/schema\/logo\/image\/"}},{"@type":"Person","@id":"https:\/\/www.group-indigo.com\/es\/#\/schema\/person\/93bd6142e944556b9912f16b648e199a","name":"Admin","sameAs":["http:\/\/www.group-indigo.com"]}]}},"_links":{"self":[{"href":"https:\/\/www.group-indigo.com\/es\/wp-json\/wp\/v2\/posts\/1100090825","targetHints":{"allow":["GET"]}}],"collection":[{"href":"https:\/\/www.group-indigo.com\/es\/wp-json\/wp\/v2\/posts"}],"about":[{"href":"https:\/\/www.group-indigo.com\/es\/wp-json\/wp\/v2\/types\/post"}],"author":[{"embeddable":true,"href":"https:\/\/www.group-indigo.com\/es\/wp-json\/wp\/v2\/users\/1"}],"replies":[{"embeddable":true,"href":"https:\/\/www.group-indigo.com\/es\/wp-json\/wp\/v2\/comments?post=1100090825"}],"version-history":[{"count":1,"href":"https:\/\/www.group-indigo.com\/es\/wp-json\/wp\/v2\/posts\/1100090825\/revisions"}],"predecessor-version":[{"id":1100090827,"href":"https:\/\/www.group-indigo.com\/es\/wp-json\/wp\/v2\/posts\/1100090825\/revisions\/1100090827"}],"wp:featuredmedia":[{"embeddable":true,"href":"https:\/\/www.group-indigo.com\/es\/wp-json\/wp\/v2\/media\/1100090826"}],"wp:attachment":[{"href":"https:\/\/www.group-indigo.com\/es\/wp-json\/wp\/v2\/media?parent=1100090825"}],"wp:term":[{"taxonomy":"category","embeddable":true,"href":"https:\/\/www.group-indigo.com\/es\/wp-json\/wp\/v2\/categories?post=1100090825"},{"taxonomy":"post_tag","embeddable":true,"href":"https:\/\/www.group-indigo.com\/es\/wp-json\/wp\/v2\/tags?post=1100090825"}],"curies":[{"name":"wp","href":"https:\/\/api.w.org\/{rel}","templated":true}]}}