{"id":1100090886,"date":"2021-12-08T14:45:29","date_gmt":"2021-12-08T13:45:29","guid":{"rendered":"https:\/\/www.group-indigo.com\/indigo-suiza-socio-del-proyecto-smargo-microcarga-compartida\/"},"modified":"2025-07-03T16:49:18","modified_gmt":"2025-07-03T14:49:18","slug":"indigo-suiza-socio-del-proyecto-smargo-microcarga-compartida","status":"publish","type":"post","link":"https:\/\/www.group-indigo.com\/es\/presse\/actualite\/indigo-suiza-socio-del-proyecto-smargo-microcarga-compartida\/","title":{"rendered":"INDIGO Suiza, socio del proyecto \u00abSMARGO &#8211; Microcarga Compartida"},"content":{"rendered":"\n<p><strong>Desde el 21 de mayo de 2021, el aparcamiento Indigo Lausanne Centre-Flon alberga peque\u00f1as furgonetas de transporte el\u00e9ctrico de la Academia de Movilidad TCS*. Este proyecto piloto \u00fanico, desarrollado en colaboraci\u00f3n con la ciudad de Lausana, tiene como objetivo promover el transporte urbano sostenible de mercanc\u00edas. <\/strong><\/p>\n\n<figure class=\"wp-block-image size-large\"><img decoding=\"async\" width=\"1024\" height=\"683\" src=\"https:\/\/www.group-indigo.com\/wp-content\/uploads\/2021\/12\/kyburz_Lausanne_700-1024x683.jpeg\" alt=\"\" class=\"wp-image-1100023707\" srcset=\"https:\/\/www.group-indigo.com\/wp-content\/uploads\/2021\/12\/kyburz_Lausanne_700-1024x683.jpeg 1024w, https:\/\/www.group-indigo.com\/wp-content\/uploads\/2021\/12\/kyburz_Lausanne_700-300x200.jpeg 300w, https:\/\/www.group-indigo.com\/wp-content\/uploads\/2021\/12\/kyburz_Lausanne_700-768x513.jpeg 768w, https:\/\/www.group-indigo.com\/wp-content\/uploads\/2021\/12\/kyburz_Lausanne_700-1536x1025.jpeg 1536w, https:\/\/www.group-indigo.com\/wp-content\/uploads\/2021\/12\/kyburz_Lausanne_700-scaled.jpeg 2048w, https:\/\/www.group-indigo.com\/wp-content\/uploads\/2021\/12\/kyburz_Lausanne_700-1618x1080.jpeg 1618w\" sizes=\"(max-width: 1024px) 100vw, 1024px\" \/><\/figure>\n\n<p>El servicio SMARGO te permite alquilar peque\u00f1as furgonetas el\u00e9ctricas por horas para transportar tus mercanc\u00edas \u00a1con cero emisiones<sup>de CO2<\/sup>!<\/p>\n\n<p>Nuestros servicios se dirigen tanto a empresas como a particulares, para entregas, eliminaci\u00f3n de residuos, aprovisionamiento, log\u00edstica de eventos y transporte de mercanc\u00edas voluminosas.<\/p>\n\n<p>Hay tres tipos de veh\u00edculos disponibles:<\/p>\n\n<ul class=\"wp-block-list\">\n<li>una bicicleta de carga asistida el\u00e9ctricamente capaz de soportar una carga de hasta 200 kg;<\/li>\n\n\n\n<li>un patinete el\u00e9ctrico de tres ruedas capaz de transportar hasta 130 kg de carga a 30 km\/h ;<\/li>\n\n\n\n<li>Por \u00faltimo, el Goupil, un veh\u00edculo compacto de cuatro ruedas que puede transportar cargas de m\u00e1s de una tonelada y circula a 45 km\/h.<\/li>\n<\/ul>\n\n<p>Se ha asignado un espacio espec\u00edfico en el aparcamiento de INDIGO para alojar los veh\u00edculos y cargar sus bater\u00edas. Los clientes de SMARGO son bienvenidos y el proceso de alquiler es gestionado directamente por los equipos de INDIGO in situ. <\/p>\n\n<p>Hasta la fecha, los resultados son positivos y alentadores, con alquileres diarios, una duraci\u00f3n media de uso de 5 horas por veh\u00edculo y el n\u00famero de usuarios duplic\u00e1ndose entre septiembre y octubre de 2021.<\/p>\n\n<p>Gracias a la ubicaci\u00f3n estrat\u00e9gica de sus aparcamientos en los centros urbanos y a su voluntad de ofrecer cada vez m\u00e1s servicios a los habitantes de las ciudades, INDIGO sigue desarrollando este tipo de colaboraci\u00f3n, abriendo sus espacios a los agentes de los sectores de la log\u00edstica, el almacenamiento y la movilidad individual.<\/p>\n\n<p>La ciudad suiza de Lausana, que pretende ser neutra en emisiones de carbono para 2050, se ha fijado el objetivo de eliminar progresivamente los veh\u00edculos de gasolina para 2030. Por ello, la ciudad est\u00e1 desarrollando cada vez m\u00e1s medios de transporte alternativos, sobre todo para mercanc\u00edas. INDIGO, que trabaja por una ciudad sostenible, est\u00e1 adaptando sus aparcamientos mediante el despliegue masivo de estaciones de recarga el\u00e9ctrica para veh\u00edculos limpios y el desarrollo de asociaciones para fomentar la movilidad blanda y nuevos servicios para los usuarios.  <\/p>\n\n<p>\u00a0<\/p>\n","protected":false},"excerpt":{"rendered":"<p>Desde el 21 de mayo de 2021, el aparcamiento Indigo Lausanne Centre-Flon alberga peque\u00f1as furgonetas de transporte el\u00e9ctrico de la Academia de Movilidad TCS*. Este proyecto piloto \u00fanico, desarrollado en colaboraci\u00f3n con la ciudad de Lausana, tiene como objetivo promover el transporte urbano sostenible de mercanc\u00edas. El servicio SMARGO te permite alquilar peque\u00f1as furgonetas el\u00e9ctricas [&hellip;]<\/p>\n","protected":false},"author":1,"featured_media":1100090887,"comment_status":"closed","ping_status":"open","sticky":false,"template":"","format":"standard","meta":{"_acf_changed":false,"inline_featured_image":false,"footnotes":""},"categories":[66],"tags":[],"class_list":["post-1100090886","post","type-post","status-publish","format-standard","has-post-thumbnail","hentry","category-sin-categorizar"],"acf":[],"yoast_head":"<!-- This site is optimized with the Yoast SEO plugin v27.2 - https:\/\/yoast.com\/product\/yoast-seo-wordpress\/ -->\n<title>INDIGO Suiza, socio del proyecto &quot;SMARGO - Microcarga Compartida - Groupe INDIGO<\/title>\n<meta name=\"description\" content=\"Desde el 21 de mayo de 2021, el aparcamiento Indigo Lausanne Centre-Flon alberga peque\u00f1as furgonetas de transporte el\u00e9ctrico de la Academia de Movilidad\" \/>\n<meta name=\"robots\" content=\"index, follow, max-snippet:-1, max-image-preview:large, max-video-preview:-1\" \/>\n<link rel=\"canonical\" href=\"https:\/\/www.group-indigo.com\/es\/presse\/actualite\/indigo-suiza-socio-del-proyecto-smargo-microcarga-compartida\/\" \/>\n<meta property=\"og:locale\" content=\"es_ES\" \/>\n<meta property=\"og:type\" content=\"article\" \/>\n<meta property=\"og:title\" content=\"INDIGO Suiza, socio del proyecto &quot;SMARGO - Microcarga Compartida - Groupe INDIGO\" \/>\n<meta property=\"og:description\" content=\"Desde el 21 de mayo de 2021, el aparcamiento Indigo Lausanne Centre-Flon alberga peque\u00f1as furgonetas de transporte el\u00e9ctrico de la Academia de Movilidad\" \/>\n<meta property=\"og:url\" content=\"https:\/\/www.group-indigo.com\/es\/presse\/actualite\/indigo-suiza-socio-del-proyecto-smargo-microcarga-compartida\/\" \/>\n<meta property=\"og:site_name\" content=\"Groupe INDIGO\" \/>\n<meta property=\"article:published_time\" content=\"2021-12-08T13:45:29+00:00\" \/>\n<meta property=\"article:modified_time\" content=\"2025-07-03T14:49:18+00:00\" \/>\n<meta property=\"og:image\" content=\"https:\/\/www.group-indigo.com\/wp-content\/uploads\/2021\/12\/kyburz_Lausanne_700-scaled.jpeg\" \/>\n\t<meta property=\"og:image:width\" content=\"2048\" \/>\n\t<meta property=\"og:image:height\" content=\"1367\" \/>\n\t<meta property=\"og:image:type\" content=\"image\/jpeg\" \/>\n<meta name=\"author\" content=\"Admin\" \/>\n<meta name=\"twitter:card\" content=\"summary_large_image\" \/>\n<script type=\"application\/ld+json\" class=\"yoast-schema-graph\">{\"@context\":\"https:\/\/schema.org\",\"@graph\":[{\"@type\":\"Article\",\"@id\":\"https:\/\/www.group-indigo.com\/es\/presse\/actualite\/indigo-suiza-socio-del-proyecto-smargo-microcarga-compartida\/#article\",\"isPartOf\":{\"@id\":\"https:\/\/www.group-indigo.com\/es\/presse\/actualite\/indigo-suiza-socio-del-proyecto-smargo-microcarga-compartida\/\"},\"author\":{\"name\":\"Admin\",\"@id\":\"https:\/\/www.group-indigo.com\/es\/#\/schema\/person\/93bd6142e944556b9912f16b648e199a\"},\"headline\":\"INDIGO Suiza, socio del proyecto \u00abSMARGO &#8211; Microcarga Compartida\",\"datePublished\":\"2021-12-08T13:45:29+00:00\",\"dateModified\":\"2025-07-03T14:49:18+00:00\",\"mainEntityOfPage\":{\"@id\":\"https:\/\/www.group-indigo.com\/es\/presse\/actualite\/indigo-suiza-socio-del-proyecto-smargo-microcarga-compartida\/\"},\"wordCount\":396,\"publisher\":{\"@id\":\"https:\/\/www.group-indigo.com\/es\/#organization\"},\"image\":{\"@id\":\"https:\/\/www.group-indigo.com\/es\/presse\/actualite\/indigo-suiza-socio-del-proyecto-smargo-microcarga-compartida\/#primaryimage\"},\"thumbnailUrl\":\"https:\/\/www.group-indigo.com\/wp-content\/uploads\/2021\/12\/kyburz_Lausanne_700-scaled.jpeg\",\"articleSection\":[\"Sin categorizar\"],\"inLanguage\":\"es\"},{\"@type\":\"WebPage\",\"@id\":\"https:\/\/www.group-indigo.com\/es\/presse\/actualite\/indigo-suiza-socio-del-proyecto-smargo-microcarga-compartida\/\",\"url\":\"https:\/\/www.group-indigo.com\/es\/presse\/actualite\/indigo-suiza-socio-del-proyecto-smargo-microcarga-compartida\/\",\"name\":\"INDIGO Suiza, socio del proyecto \\\"SMARGO - Microcarga Compartida - Groupe INDIGO\",\"isPartOf\":{\"@id\":\"https:\/\/www.group-indigo.com\/es\/#website\"},\"primaryImageOfPage\":{\"@id\":\"https:\/\/www.group-indigo.com\/es\/presse\/actualite\/indigo-suiza-socio-del-proyecto-smargo-microcarga-compartida\/#primaryimage\"},\"image\":{\"@id\":\"https:\/\/www.group-indigo.com\/es\/presse\/actualite\/indigo-suiza-socio-del-proyecto-smargo-microcarga-compartida\/#primaryimage\"},\"thumbnailUrl\":\"https:\/\/www.group-indigo.com\/wp-content\/uploads\/2021\/12\/kyburz_Lausanne_700-scaled.jpeg\",\"datePublished\":\"2021-12-08T13:45:29+00:00\",\"dateModified\":\"2025-07-03T14:49:18+00:00\",\"description\":\"Desde el 21 de mayo de 2021, el aparcamiento Indigo Lausanne Centre-Flon alberga peque\u00f1as furgonetas de transporte el\u00e9ctrico de la Academia de Movilidad\",\"breadcrumb\":{\"@id\":\"https:\/\/www.group-indigo.com\/es\/presse\/actualite\/indigo-suiza-socio-del-proyecto-smargo-microcarga-compartida\/#breadcrumb\"},\"inLanguage\":\"es\",\"potentialAction\":[{\"@type\":\"ReadAction\",\"target\":[\"https:\/\/www.group-indigo.com\/es\/presse\/actualite\/indigo-suiza-socio-del-proyecto-smargo-microcarga-compartida\/\"]}]},{\"@type\":\"ImageObject\",\"inLanguage\":\"es\",\"@id\":\"https:\/\/www.group-indigo.com\/es\/presse\/actualite\/indigo-suiza-socio-del-proyecto-smargo-microcarga-compartida\/#primaryimage\",\"url\":\"https:\/\/www.group-indigo.com\/wp-content\/uploads\/2021\/12\/kyburz_Lausanne_700-scaled.jpeg\",\"contentUrl\":\"https:\/\/www.group-indigo.com\/wp-content\/uploads\/2021\/12\/kyburz_Lausanne_700-scaled.jpeg\",\"width\":2048,\"height\":1367},{\"@type\":\"BreadcrumbList\",\"@id\":\"https:\/\/www.group-indigo.com\/es\/presse\/actualite\/indigo-suiza-socio-del-proyecto-smargo-microcarga-compartida\/#breadcrumb\",\"itemListElement\":[{\"@type\":\"ListItem\",\"position\":1,\"name\":\"Home\",\"item\":\"https:\/\/www.group-indigo.com\/es\/\"},{\"@type\":\"ListItem\",\"position\":2,\"name\":\"INDIGO Suiza, socio del proyecto \u00ab\u00a0SMARGO &#8211; Microcarga Compartida\"}]},{\"@type\":\"WebSite\",\"@id\":\"https:\/\/www.group-indigo.com\/es\/#website\",\"url\":\"https:\/\/www.group-indigo.com\/es\/\",\"name\":\"Groupe INDIGO\",\"description\":\"\",\"publisher\":{\"@id\":\"https:\/\/www.group-indigo.com\/es\/#organization\"},\"potentialAction\":[{\"@type\":\"SearchAction\",\"target\":{\"@type\":\"EntryPoint\",\"urlTemplate\":\"https:\/\/www.group-indigo.com\/es\/?s={search_term_string}\"},\"query-input\":{\"@type\":\"PropertyValueSpecification\",\"valueRequired\":true,\"valueName\":\"search_term_string\"}}],\"inLanguage\":\"es\"},{\"@type\":\"Organization\",\"@id\":\"https:\/\/www.group-indigo.com\/es\/#organization\",\"name\":\"Groupe INDIGO\",\"url\":\"https:\/\/www.group-indigo.com\/es\/\",\"logo\":{\"@type\":\"ImageObject\",\"inLanguage\":\"es\",\"@id\":\"https:\/\/www.group-indigo.com\/es\/#\/schema\/logo\/image\/\",\"url\":\"https:\/\/www.group-indigo.com\/wp-content\/uploads\/2026\/03\/login-logo.svg\",\"contentUrl\":\"https:\/\/www.group-indigo.com\/wp-content\/uploads\/2026\/03\/login-logo.svg\",\"width\":223,\"height\":49,\"caption\":\"Groupe INDIGO\"},\"image\":{\"@id\":\"https:\/\/www.group-indigo.com\/es\/#\/schema\/logo\/image\/\"}},{\"@type\":\"Person\",\"@id\":\"https:\/\/www.group-indigo.com\/es\/#\/schema\/person\/93bd6142e944556b9912f16b648e199a\",\"name\":\"Admin\",\"sameAs\":[\"http:\/\/www.group-indigo.com\"]}]}<\/script>\n<!-- \/ Yoast SEO plugin. -->","yoast_head_json":{"title":"INDIGO Suiza, socio del proyecto \"SMARGO - Microcarga Compartida - Groupe INDIGO","description":"Desde el 21 de mayo de 2021, el aparcamiento Indigo Lausanne Centre-Flon alberga peque\u00f1as furgonetas de transporte el\u00e9ctrico de la Academia de Movilidad","robots":{"index":"index","follow":"follow","max-snippet":"max-snippet:-1","max-image-preview":"max-image-preview:large","max-video-preview":"max-video-preview:-1"},"canonical":"https:\/\/www.group-indigo.com\/es\/presse\/actualite\/indigo-suiza-socio-del-proyecto-smargo-microcarga-compartida\/","og_locale":"es_ES","og_type":"article","og_title":"INDIGO Suiza, socio del proyecto \"SMARGO - Microcarga Compartida - Groupe INDIGO","og_description":"Desde el 21 de mayo de 2021, el aparcamiento Indigo Lausanne Centre-Flon alberga peque\u00f1as furgonetas de transporte el\u00e9ctrico de la Academia de Movilidad","og_url":"https:\/\/www.group-indigo.com\/es\/presse\/actualite\/indigo-suiza-socio-del-proyecto-smargo-microcarga-compartida\/","og_site_name":"Groupe INDIGO","article_published_time":"2021-12-08T13:45:29+00:00","article_modified_time":"2025-07-03T14:49:18+00:00","og_image":[{"width":2048,"height":1367,"url":"https:\/\/www.group-indigo.com\/wp-content\/uploads\/2021\/12\/kyburz_Lausanne_700-scaled.jpeg","type":"image\/jpeg"}],"author":"Admin","twitter_card":"summary_large_image","schema":{"@context":"https:\/\/schema.org","@graph":[{"@type":"Article","@id":"https:\/\/www.group-indigo.com\/es\/presse\/actualite\/indigo-suiza-socio-del-proyecto-smargo-microcarga-compartida\/#article","isPartOf":{"@id":"https:\/\/www.group-indigo.com\/es\/presse\/actualite\/indigo-suiza-socio-del-proyecto-smargo-microcarga-compartida\/"},"author":{"name":"Admin","@id":"https:\/\/www.group-indigo.com\/es\/#\/schema\/person\/93bd6142e944556b9912f16b648e199a"},"headline":"INDIGO Suiza, socio del proyecto \u00abSMARGO &#8211; Microcarga Compartida","datePublished":"2021-12-08T13:45:29+00:00","dateModified":"2025-07-03T14:49:18+00:00","mainEntityOfPage":{"@id":"https:\/\/www.group-indigo.com\/es\/presse\/actualite\/indigo-suiza-socio-del-proyecto-smargo-microcarga-compartida\/"},"wordCount":396,"publisher":{"@id":"https:\/\/www.group-indigo.com\/es\/#organization"},"image":{"@id":"https:\/\/www.group-indigo.com\/es\/presse\/actualite\/indigo-suiza-socio-del-proyecto-smargo-microcarga-compartida\/#primaryimage"},"thumbnailUrl":"https:\/\/www.group-indigo.com\/wp-content\/uploads\/2021\/12\/kyburz_Lausanne_700-scaled.jpeg","articleSection":["Sin categorizar"],"inLanguage":"es"},{"@type":"WebPage","@id":"https:\/\/www.group-indigo.com\/es\/presse\/actualite\/indigo-suiza-socio-del-proyecto-smargo-microcarga-compartida\/","url":"https:\/\/www.group-indigo.com\/es\/presse\/actualite\/indigo-suiza-socio-del-proyecto-smargo-microcarga-compartida\/","name":"INDIGO Suiza, socio del proyecto \"SMARGO - Microcarga Compartida - Groupe INDIGO","isPartOf":{"@id":"https:\/\/www.group-indigo.com\/es\/#website"},"primaryImageOfPage":{"@id":"https:\/\/www.group-indigo.com\/es\/presse\/actualite\/indigo-suiza-socio-del-proyecto-smargo-microcarga-compartida\/#primaryimage"},"image":{"@id":"https:\/\/www.group-indigo.com\/es\/presse\/actualite\/indigo-suiza-socio-del-proyecto-smargo-microcarga-compartida\/#primaryimage"},"thumbnailUrl":"https:\/\/www.group-indigo.com\/wp-content\/uploads\/2021\/12\/kyburz_Lausanne_700-scaled.jpeg","datePublished":"2021-12-08T13:45:29+00:00","dateModified":"2025-07-03T14:49:18+00:00","description":"Desde el 21 de mayo de 2021, el aparcamiento Indigo Lausanne Centre-Flon alberga peque\u00f1as furgonetas de transporte el\u00e9ctrico de la Academia de Movilidad","breadcrumb":{"@id":"https:\/\/www.group-indigo.com\/es\/presse\/actualite\/indigo-suiza-socio-del-proyecto-smargo-microcarga-compartida\/#breadcrumb"},"inLanguage":"es","potentialAction":[{"@type":"ReadAction","target":["https:\/\/www.group-indigo.com\/es\/presse\/actualite\/indigo-suiza-socio-del-proyecto-smargo-microcarga-compartida\/"]}]},{"@type":"ImageObject","inLanguage":"es","@id":"https:\/\/www.group-indigo.com\/es\/presse\/actualite\/indigo-suiza-socio-del-proyecto-smargo-microcarga-compartida\/#primaryimage","url":"https:\/\/www.group-indigo.com\/wp-content\/uploads\/2021\/12\/kyburz_Lausanne_700-scaled.jpeg","contentUrl":"https:\/\/www.group-indigo.com\/wp-content\/uploads\/2021\/12\/kyburz_Lausanne_700-scaled.jpeg","width":2048,"height":1367},{"@type":"BreadcrumbList","@id":"https:\/\/www.group-indigo.com\/es\/presse\/actualite\/indigo-suiza-socio-del-proyecto-smargo-microcarga-compartida\/#breadcrumb","itemListElement":[{"@type":"ListItem","position":1,"name":"Home","item":"https:\/\/www.group-indigo.com\/es\/"},{"@type":"ListItem","position":2,"name":"INDIGO Suiza, socio del proyecto \u00ab\u00a0SMARGO &#8211; Microcarga Compartida"}]},{"@type":"WebSite","@id":"https:\/\/www.group-indigo.com\/es\/#website","url":"https:\/\/www.group-indigo.com\/es\/","name":"Groupe INDIGO","description":"","publisher":{"@id":"https:\/\/www.group-indigo.com\/es\/#organization"},"potentialAction":[{"@type":"SearchAction","target":{"@type":"EntryPoint","urlTemplate":"https:\/\/www.group-indigo.com\/es\/?s={search_term_string}"},"query-input":{"@type":"PropertyValueSpecification","valueRequired":true,"valueName":"search_term_string"}}],"inLanguage":"es"},{"@type":"Organization","@id":"https:\/\/www.group-indigo.com\/es\/#organization","name":"Groupe INDIGO","url":"https:\/\/www.group-indigo.com\/es\/","logo":{"@type":"ImageObject","inLanguage":"es","@id":"https:\/\/www.group-indigo.com\/es\/#\/schema\/logo\/image\/","url":"https:\/\/www.group-indigo.com\/wp-content\/uploads\/2026\/03\/login-logo.svg","contentUrl":"https:\/\/www.group-indigo.com\/wp-content\/uploads\/2026\/03\/login-logo.svg","width":223,"height":49,"caption":"Groupe INDIGO"},"image":{"@id":"https:\/\/www.group-indigo.com\/es\/#\/schema\/logo\/image\/"}},{"@type":"Person","@id":"https:\/\/www.group-indigo.com\/es\/#\/schema\/person\/93bd6142e944556b9912f16b648e199a","name":"Admin","sameAs":["http:\/\/www.group-indigo.com"]}]}},"_links":{"self":[{"href":"https:\/\/www.group-indigo.com\/es\/wp-json\/wp\/v2\/posts\/1100090886","targetHints":{"allow":["GET"]}}],"collection":[{"href":"https:\/\/www.group-indigo.com\/es\/wp-json\/wp\/v2\/posts"}],"about":[{"href":"https:\/\/www.group-indigo.com\/es\/wp-json\/wp\/v2\/types\/post"}],"author":[{"embeddable":true,"href":"https:\/\/www.group-indigo.com\/es\/wp-json\/wp\/v2\/users\/1"}],"replies":[{"embeddable":true,"href":"https:\/\/www.group-indigo.com\/es\/wp-json\/wp\/v2\/comments?post=1100090886"}],"version-history":[{"count":1,"href":"https:\/\/www.group-indigo.com\/es\/wp-json\/wp\/v2\/posts\/1100090886\/revisions"}],"predecessor-version":[{"id":1100090888,"href":"https:\/\/www.group-indigo.com\/es\/wp-json\/wp\/v2\/posts\/1100090886\/revisions\/1100090888"}],"wp:featuredmedia":[{"embeddable":true,"href":"https:\/\/www.group-indigo.com\/es\/wp-json\/wp\/v2\/media\/1100090887"}],"wp:attachment":[{"href":"https:\/\/www.group-indigo.com\/es\/wp-json\/wp\/v2\/media?parent=1100090886"}],"wp:term":[{"taxonomy":"category","embeddable":true,"href":"https:\/\/www.group-indigo.com\/es\/wp-json\/wp\/v2\/categories?post=1100090886"},{"taxonomy":"post_tag","embeddable":true,"href":"https:\/\/www.group-indigo.com\/es\/wp-json\/wp\/v2\/tags?post=1100090886"}],"curies":[{"name":"wp","href":"https:\/\/api.w.org\/{rel}","templated":true}]}}