{"id":1100090895,"date":"2021-03-10T15:09:57","date_gmt":"2021-03-10T14:09:57","guid":{"rendered":"https:\/\/www.group-indigo.com\/resultados-de-nuestra-encuesta-europea-sobre-aparcamiento-y-desarrollo-sostenible-en-colaboracion-con-em-lyon\/"},"modified":"2025-07-03T16:50:10","modified_gmt":"2025-07-03T14:50:10","slug":"resultados-de-nuestra-encuesta-europea-sobre-aparcamiento-y-desarrollo-sostenible-en-colaboracion-con-em-lyon","status":"publish","type":"post","link":"https:\/\/www.group-indigo.com\/es\/presse\/actualite\/resultados-de-nuestra-encuesta-europea-sobre-aparcamiento-y-desarrollo-sostenible-en-colaboracion-con-em-lyon\/","title":{"rendered":"Resultados de nuestra encuesta europea sobre aparcamiento y desarrollo sostenible, en colaboraci\u00f3n con EM Lyon"},"content":{"rendered":"\n<p>En el marco de la reflexi\u00f3n sobre su nuevo posicionamiento, el Grupo INDIGO realiz\u00f3 en diciembre de 2020 y enero de 2021 una encuesta europea sobre el uso de los aparcamientos y su evoluci\u00f3n en t\u00e9rminos de desarrollo sostenible. Realizada en colaboraci\u00f3n con estudiantes de la EM de Lyon, la encuesta pone de manifiesto la importancia de integrar este tema en nuestras ofertas y servicios. <\/p>\n\n<p>En la encuesta participaron casi 1.500 encuestados de Francia, Espa\u00f1a, B\u00e9lgica, Luxemburgo y Polonia. M\u00e1s del 73% de ellos consideran muy importante que el desarrollo de nuestros aparcamientos y sus servicios est\u00e9n en consonancia con el Desarrollo Sostenible. Los temas clave para que los aparcamientos formen parte de un mundo m\u00e1s sostenible son el medio ambiente y la calidad de vida en la ciudad.  <\/p>\n\n<p>Entre los retos medioambientales y sociales en los que INDIGO tiene un papel que desempe\u00f1ar en el futuro, el de mejorar la calidad de vida en las ciudades (estaciones de recarga el\u00e9ctrica, movilidad suave, etc.) es el mejor valorado. Seg\u00fan los encuestados, los aparcamientos y servicios dedicados a la movilidad que deber\u00edan desarrollarse son los vinculados a los coches el\u00e9ctricos, h\u00edbridos y de hidr\u00f3geno, as\u00ed como a las bicicletas y bicis el\u00e9ctricas. <\/p>\n\n<p class=\"has-text-align-center\"><a href=\"https:\/\/es.group-indigo.com\/wp-content\/uploads\/2021\/03\/Results-External-Survey_INDIGO-Group-CSR.pdf\" target=\"_blank\" rel=\"noreferrer noopener sponsored nofollow\"><strong>Descargar resultados en formato PDF  <\/strong><\/a><\/p>\n\n<p>INDIGO ha tenido en cuenta estos comentarios y est\u00e1 reforzando su estrategia comprometi\u00e9ndose en una serie de \u00e1reas, como el despliegue de estaciones de carga el\u00e9ctrica, el aparcamiento seguro para bicicletas y el desarrollo de sus servicios de movilidad blanda.<\/p>\n<div class=\"wp-block-image\">\n<figure class=\"aligncenter size-large\"><img decoding=\"async\" width=\"1024\" height=\"577\" src=\"https:\/\/www.group-indigo.com\/wp-content\/uploads\/2021\/03\/survey-3-1024x577.png\" alt=\"\" class=\"wp-image-1100067553\" srcset=\"https:\/\/www.group-indigo.com\/wp-content\/uploads\/2021\/03\/survey-3-1024x577.png 1024w, https:\/\/www.group-indigo.com\/wp-content\/uploads\/2021\/03\/survey-3-300x169.png 300w, https:\/\/www.group-indigo.com\/wp-content\/uploads\/2021\/03\/survey-3-768x433.png 768w, https:\/\/www.group-indigo.com\/wp-content\/uploads\/2021\/03\/survey-3.png 1144w\" sizes=\"(max-width: 1024px) 100vw, 1024px\" \/><\/figure>\n<\/div>\n<p><\/p>\n\n<p>\u00a0<\/p>\n<div class=\"wp-block-image\">\n<figure class=\"aligncenter size-large\"><img decoding=\"async\" width=\"1024\" height=\"517\" src=\"https:\/\/www.group-indigo.com\/wp-content\/uploads\/2021\/03\/survey-1-1024x517.png\" alt=\"\" class=\"wp-image-1100067561\" srcset=\"https:\/\/www.group-indigo.com\/wp-content\/uploads\/2021\/03\/survey-1-1024x517.png 1024w, https:\/\/www.group-indigo.com\/wp-content\/uploads\/2021\/03\/survey-1-300x152.png 300w, https:\/\/www.group-indigo.com\/wp-content\/uploads\/2021\/03\/survey-1-768x388.png 768w, https:\/\/www.group-indigo.com\/wp-content\/uploads\/2021\/03\/survey-1.png 1142w\" sizes=\"(max-width: 1024px) 100vw, 1024px\" \/><\/figure>\n<\/div>\n<p><\/p>\n\n<p>\u00a0<\/p>\n<div class=\"wp-block-image\">\n<figure class=\"aligncenter size-large\"><img decoding=\"async\" width=\"1024\" height=\"577\" src=\"https:\/\/www.group-indigo.com\/wp-content\/uploads\/2021\/03\/survey-2-1024x577.png\" alt=\"\" class=\"wp-image-1100067570\" srcset=\"https:\/\/www.group-indigo.com\/wp-content\/uploads\/2021\/03\/survey-2-1024x577.png 1024w, https:\/\/www.group-indigo.com\/wp-content\/uploads\/2021\/03\/survey-2-300x169.png 300w, https:\/\/www.group-indigo.com\/wp-content\/uploads\/2021\/03\/survey-2-768x433.png 768w, https:\/\/www.group-indigo.com\/wp-content\/uploads\/2021\/03\/survey-2.png 1147w\" sizes=\"(max-width: 1024px) 100vw, 1024px\" \/><\/figure>\n<\/div>\n<p><\/p>\n","protected":false},"excerpt":{"rendered":"<p>En el marco de la reflexi\u00f3n sobre su nuevo posicionamiento, el Grupo INDIGO realiz\u00f3 en diciembre de 2020 y enero de 2021 una encuesta europea sobre el uso de los aparcamientos y su evoluci\u00f3n en t\u00e9rminos de desarrollo sostenible. Realizada en colaboraci\u00f3n con estudiantes de la EM de Lyon, la encuesta pone de manifiesto la [&hellip;]<\/p>\n","protected":false},"author":1,"featured_media":1100090896,"comment_status":"closed","ping_status":"open","sticky":false,"template":"","format":"standard","meta":{"_acf_changed":false,"inline_featured_image":false,"footnotes":""},"categories":[66],"tags":[],"class_list":["post-1100090895","post","type-post","status-publish","format-standard","has-post-thumbnail","hentry","category-sin-categorizar"],"acf":[],"yoast_head":"<!-- This site is optimized with the Yoast SEO plugin v27.2 - https:\/\/yoast.com\/product\/yoast-seo-wordpress\/ -->\n<title>Resultados de nuestra encuesta europea sobre aparcamiento y desarrollo sostenible, en colaboraci\u00f3n con EM Lyon - Groupe INDIGO<\/title>\n<meta name=\"description\" content=\"En el marco de la reflexi\u00f3n sobre su nuevo posicionamiento, el Grupo INDIGO realiz\u00f3 en diciembre de 2020 y enero de 2021 una encuesta europea sobre el uso\" \/>\n<meta name=\"robots\" content=\"index, follow, max-snippet:-1, max-image-preview:large, max-video-preview:-1\" \/>\n<link rel=\"canonical\" href=\"https:\/\/www.group-indigo.com\/es\/presse\/actualite\/resultados-de-nuestra-encuesta-europea-sobre-aparcamiento-y-desarrollo-sostenible-en-colaboracion-con-em-lyon\/\" \/>\n<meta property=\"og:locale\" content=\"es_ES\" \/>\n<meta property=\"og:type\" content=\"article\" \/>\n<meta property=\"og:title\" content=\"Resultados de nuestra encuesta europea sobre aparcamiento y desarrollo sostenible, en colaboraci\u00f3n con EM Lyon - Groupe INDIGO\" \/>\n<meta property=\"og:description\" content=\"En el marco de la reflexi\u00f3n sobre su nuevo posicionamiento, el Grupo INDIGO realiz\u00f3 en diciembre de 2020 y enero de 2021 una encuesta europea sobre el uso\" \/>\n<meta property=\"og:url\" content=\"https:\/\/www.group-indigo.com\/es\/presse\/actualite\/resultados-de-nuestra-encuesta-europea-sobre-aparcamiento-y-desarrollo-sostenible-en-colaboracion-con-em-lyon\/\" \/>\n<meta property=\"og:site_name\" content=\"Groupe INDIGO\" \/>\n<meta property=\"article:published_time\" content=\"2021-03-10T14:09:57+00:00\" \/>\n<meta property=\"article:modified_time\" content=\"2025-07-03T14:50:10+00:00\" \/>\n<meta property=\"og:image\" content=\"https:\/\/www.group-indigo.com\/wp-content\/uploads\/2021\/03\/IMG_4087_01-scaled.jpg\" \/>\n\t<meta property=\"og:image:width\" content=\"2048\" \/>\n\t<meta property=\"og:image:height\" content=\"1366\" \/>\n\t<meta property=\"og:image:type\" content=\"image\/jpeg\" \/>\n<meta name=\"author\" content=\"Admin\" \/>\n<meta name=\"twitter:card\" content=\"summary_large_image\" \/>\n<script type=\"application\/ld+json\" class=\"yoast-schema-graph\">{\"@context\":\"https:\/\/schema.org\",\"@graph\":[{\"@type\":\"Article\",\"@id\":\"https:\/\/www.group-indigo.com\/es\/presse\/actualite\/resultados-de-nuestra-encuesta-europea-sobre-aparcamiento-y-desarrollo-sostenible-en-colaboracion-con-em-lyon\/#article\",\"isPartOf\":{\"@id\":\"https:\/\/www.group-indigo.com\/es\/presse\/actualite\/resultados-de-nuestra-encuesta-europea-sobre-aparcamiento-y-desarrollo-sostenible-en-colaboracion-con-em-lyon\/\"},\"author\":{\"name\":\"Admin\",\"@id\":\"https:\/\/www.group-indigo.com\/es\/#\/schema\/person\/93bd6142e944556b9912f16b648e199a\"},\"headline\":\"Resultados de nuestra encuesta europea sobre aparcamiento y desarrollo sostenible, en colaboraci\u00f3n con EM Lyon\",\"datePublished\":\"2021-03-10T14:09:57+00:00\",\"dateModified\":\"2025-07-03T14:50:10+00:00\",\"mainEntityOfPage\":{\"@id\":\"https:\/\/www.group-indigo.com\/es\/presse\/actualite\/resultados-de-nuestra-encuesta-europea-sobre-aparcamiento-y-desarrollo-sostenible-en-colaboracion-con-em-lyon\/\"},\"wordCount\":277,\"publisher\":{\"@id\":\"https:\/\/www.group-indigo.com\/es\/#organization\"},\"image\":{\"@id\":\"https:\/\/www.group-indigo.com\/es\/presse\/actualite\/resultados-de-nuestra-encuesta-europea-sobre-aparcamiento-y-desarrollo-sostenible-en-colaboracion-con-em-lyon\/#primaryimage\"},\"thumbnailUrl\":\"https:\/\/www.group-indigo.com\/wp-content\/uploads\/2021\/03\/IMG_4087_01-scaled.jpg\",\"articleSection\":[\"Sin categorizar\"],\"inLanguage\":\"es\"},{\"@type\":\"WebPage\",\"@id\":\"https:\/\/www.group-indigo.com\/es\/presse\/actualite\/resultados-de-nuestra-encuesta-europea-sobre-aparcamiento-y-desarrollo-sostenible-en-colaboracion-con-em-lyon\/\",\"url\":\"https:\/\/www.group-indigo.com\/es\/presse\/actualite\/resultados-de-nuestra-encuesta-europea-sobre-aparcamiento-y-desarrollo-sostenible-en-colaboracion-con-em-lyon\/\",\"name\":\"Resultados de nuestra encuesta europea sobre aparcamiento y desarrollo sostenible, en colaboraci\u00f3n con EM Lyon - Groupe INDIGO\",\"isPartOf\":{\"@id\":\"https:\/\/www.group-indigo.com\/es\/#website\"},\"primaryImageOfPage\":{\"@id\":\"https:\/\/www.group-indigo.com\/es\/presse\/actualite\/resultados-de-nuestra-encuesta-europea-sobre-aparcamiento-y-desarrollo-sostenible-en-colaboracion-con-em-lyon\/#primaryimage\"},\"image\":{\"@id\":\"https:\/\/www.group-indigo.com\/es\/presse\/actualite\/resultados-de-nuestra-encuesta-europea-sobre-aparcamiento-y-desarrollo-sostenible-en-colaboracion-con-em-lyon\/#primaryimage\"},\"thumbnailUrl\":\"https:\/\/www.group-indigo.com\/wp-content\/uploads\/2021\/03\/IMG_4087_01-scaled.jpg\",\"datePublished\":\"2021-03-10T14:09:57+00:00\",\"dateModified\":\"2025-07-03T14:50:10+00:00\",\"description\":\"En el marco de la reflexi\u00f3n sobre su nuevo posicionamiento, el Grupo INDIGO realiz\u00f3 en diciembre de 2020 y enero de 2021 una encuesta europea sobre el uso\",\"breadcrumb\":{\"@id\":\"https:\/\/www.group-indigo.com\/es\/presse\/actualite\/resultados-de-nuestra-encuesta-europea-sobre-aparcamiento-y-desarrollo-sostenible-en-colaboracion-con-em-lyon\/#breadcrumb\"},\"inLanguage\":\"es\",\"potentialAction\":[{\"@type\":\"ReadAction\",\"target\":[\"https:\/\/www.group-indigo.com\/es\/presse\/actualite\/resultados-de-nuestra-encuesta-europea-sobre-aparcamiento-y-desarrollo-sostenible-en-colaboracion-con-em-lyon\/\"]}]},{\"@type\":\"ImageObject\",\"inLanguage\":\"es\",\"@id\":\"https:\/\/www.group-indigo.com\/es\/presse\/actualite\/resultados-de-nuestra-encuesta-europea-sobre-aparcamiento-y-desarrollo-sostenible-en-colaboracion-con-em-lyon\/#primaryimage\",\"url\":\"https:\/\/www.group-indigo.com\/wp-content\/uploads\/2021\/03\/IMG_4087_01-scaled.jpg\",\"contentUrl\":\"https:\/\/www.group-indigo.com\/wp-content\/uploads\/2021\/03\/IMG_4087_01-scaled.jpg\",\"width\":2048,\"height\":1366},{\"@type\":\"BreadcrumbList\",\"@id\":\"https:\/\/www.group-indigo.com\/es\/presse\/actualite\/resultados-de-nuestra-encuesta-europea-sobre-aparcamiento-y-desarrollo-sostenible-en-colaboracion-con-em-lyon\/#breadcrumb\",\"itemListElement\":[{\"@type\":\"ListItem\",\"position\":1,\"name\":\"Home\",\"item\":\"https:\/\/www.group-indigo.com\/es\/\"},{\"@type\":\"ListItem\",\"position\":2,\"name\":\"Resultados de nuestra encuesta europea sobre aparcamiento y desarrollo sostenible, en colaboraci\u00f3n con EM Lyon\"}]},{\"@type\":\"WebSite\",\"@id\":\"https:\/\/www.group-indigo.com\/es\/#website\",\"url\":\"https:\/\/www.group-indigo.com\/es\/\",\"name\":\"Groupe INDIGO\",\"description\":\"\",\"publisher\":{\"@id\":\"https:\/\/www.group-indigo.com\/es\/#organization\"},\"potentialAction\":[{\"@type\":\"SearchAction\",\"target\":{\"@type\":\"EntryPoint\",\"urlTemplate\":\"https:\/\/www.group-indigo.com\/es\/?s={search_term_string}\"},\"query-input\":{\"@type\":\"PropertyValueSpecification\",\"valueRequired\":true,\"valueName\":\"search_term_string\"}}],\"inLanguage\":\"es\"},{\"@type\":\"Organization\",\"@id\":\"https:\/\/www.group-indigo.com\/es\/#organization\",\"name\":\"Groupe INDIGO\",\"url\":\"https:\/\/www.group-indigo.com\/es\/\",\"logo\":{\"@type\":\"ImageObject\",\"inLanguage\":\"es\",\"@id\":\"https:\/\/www.group-indigo.com\/es\/#\/schema\/logo\/image\/\",\"url\":\"https:\/\/www.group-indigo.com\/wp-content\/uploads\/2026\/03\/login-logo.svg\",\"contentUrl\":\"https:\/\/www.group-indigo.com\/wp-content\/uploads\/2026\/03\/login-logo.svg\",\"width\":223,\"height\":49,\"caption\":\"Groupe INDIGO\"},\"image\":{\"@id\":\"https:\/\/www.group-indigo.com\/es\/#\/schema\/logo\/image\/\"}},{\"@type\":\"Person\",\"@id\":\"https:\/\/www.group-indigo.com\/es\/#\/schema\/person\/93bd6142e944556b9912f16b648e199a\",\"name\":\"Admin\",\"sameAs\":[\"http:\/\/www.group-indigo.com\"]}]}<\/script>\n<!-- \/ Yoast SEO plugin. -->","yoast_head_json":{"title":"Resultados de nuestra encuesta europea sobre aparcamiento y desarrollo sostenible, en colaboraci\u00f3n con EM Lyon - Groupe INDIGO","description":"En el marco de la reflexi\u00f3n sobre su nuevo posicionamiento, el Grupo INDIGO realiz\u00f3 en diciembre de 2020 y enero de 2021 una encuesta europea sobre el uso","robots":{"index":"index","follow":"follow","max-snippet":"max-snippet:-1","max-image-preview":"max-image-preview:large","max-video-preview":"max-video-preview:-1"},"canonical":"https:\/\/www.group-indigo.com\/es\/presse\/actualite\/resultados-de-nuestra-encuesta-europea-sobre-aparcamiento-y-desarrollo-sostenible-en-colaboracion-con-em-lyon\/","og_locale":"es_ES","og_type":"article","og_title":"Resultados de nuestra encuesta europea sobre aparcamiento y desarrollo sostenible, en colaboraci\u00f3n con EM Lyon - Groupe INDIGO","og_description":"En el marco de la reflexi\u00f3n sobre su nuevo posicionamiento, el Grupo INDIGO realiz\u00f3 en diciembre de 2020 y enero de 2021 una encuesta europea sobre el uso","og_url":"https:\/\/www.group-indigo.com\/es\/presse\/actualite\/resultados-de-nuestra-encuesta-europea-sobre-aparcamiento-y-desarrollo-sostenible-en-colaboracion-con-em-lyon\/","og_site_name":"Groupe INDIGO","article_published_time":"2021-03-10T14:09:57+00:00","article_modified_time":"2025-07-03T14:50:10+00:00","og_image":[{"width":2048,"height":1366,"url":"https:\/\/www.group-indigo.com\/wp-content\/uploads\/2021\/03\/IMG_4087_01-scaled.jpg","type":"image\/jpeg"}],"author":"Admin","twitter_card":"summary_large_image","schema":{"@context":"https:\/\/schema.org","@graph":[{"@type":"Article","@id":"https:\/\/www.group-indigo.com\/es\/presse\/actualite\/resultados-de-nuestra-encuesta-europea-sobre-aparcamiento-y-desarrollo-sostenible-en-colaboracion-con-em-lyon\/#article","isPartOf":{"@id":"https:\/\/www.group-indigo.com\/es\/presse\/actualite\/resultados-de-nuestra-encuesta-europea-sobre-aparcamiento-y-desarrollo-sostenible-en-colaboracion-con-em-lyon\/"},"author":{"name":"Admin","@id":"https:\/\/www.group-indigo.com\/es\/#\/schema\/person\/93bd6142e944556b9912f16b648e199a"},"headline":"Resultados de nuestra encuesta europea sobre aparcamiento y desarrollo sostenible, en colaboraci\u00f3n con EM Lyon","datePublished":"2021-03-10T14:09:57+00:00","dateModified":"2025-07-03T14:50:10+00:00","mainEntityOfPage":{"@id":"https:\/\/www.group-indigo.com\/es\/presse\/actualite\/resultados-de-nuestra-encuesta-europea-sobre-aparcamiento-y-desarrollo-sostenible-en-colaboracion-con-em-lyon\/"},"wordCount":277,"publisher":{"@id":"https:\/\/www.group-indigo.com\/es\/#organization"},"image":{"@id":"https:\/\/www.group-indigo.com\/es\/presse\/actualite\/resultados-de-nuestra-encuesta-europea-sobre-aparcamiento-y-desarrollo-sostenible-en-colaboracion-con-em-lyon\/#primaryimage"},"thumbnailUrl":"https:\/\/www.group-indigo.com\/wp-content\/uploads\/2021\/03\/IMG_4087_01-scaled.jpg","articleSection":["Sin categorizar"],"inLanguage":"es"},{"@type":"WebPage","@id":"https:\/\/www.group-indigo.com\/es\/presse\/actualite\/resultados-de-nuestra-encuesta-europea-sobre-aparcamiento-y-desarrollo-sostenible-en-colaboracion-con-em-lyon\/","url":"https:\/\/www.group-indigo.com\/es\/presse\/actualite\/resultados-de-nuestra-encuesta-europea-sobre-aparcamiento-y-desarrollo-sostenible-en-colaboracion-con-em-lyon\/","name":"Resultados de nuestra encuesta europea sobre aparcamiento y desarrollo sostenible, en colaboraci\u00f3n con EM Lyon - Groupe INDIGO","isPartOf":{"@id":"https:\/\/www.group-indigo.com\/es\/#website"},"primaryImageOfPage":{"@id":"https:\/\/www.group-indigo.com\/es\/presse\/actualite\/resultados-de-nuestra-encuesta-europea-sobre-aparcamiento-y-desarrollo-sostenible-en-colaboracion-con-em-lyon\/#primaryimage"},"image":{"@id":"https:\/\/www.group-indigo.com\/es\/presse\/actualite\/resultados-de-nuestra-encuesta-europea-sobre-aparcamiento-y-desarrollo-sostenible-en-colaboracion-con-em-lyon\/#primaryimage"},"thumbnailUrl":"https:\/\/www.group-indigo.com\/wp-content\/uploads\/2021\/03\/IMG_4087_01-scaled.jpg","datePublished":"2021-03-10T14:09:57+00:00","dateModified":"2025-07-03T14:50:10+00:00","description":"En el marco de la reflexi\u00f3n sobre su nuevo posicionamiento, el Grupo INDIGO realiz\u00f3 en diciembre de 2020 y enero de 2021 una encuesta europea sobre el uso","breadcrumb":{"@id":"https:\/\/www.group-indigo.com\/es\/presse\/actualite\/resultados-de-nuestra-encuesta-europea-sobre-aparcamiento-y-desarrollo-sostenible-en-colaboracion-con-em-lyon\/#breadcrumb"},"inLanguage":"es","potentialAction":[{"@type":"ReadAction","target":["https:\/\/www.group-indigo.com\/es\/presse\/actualite\/resultados-de-nuestra-encuesta-europea-sobre-aparcamiento-y-desarrollo-sostenible-en-colaboracion-con-em-lyon\/"]}]},{"@type":"ImageObject","inLanguage":"es","@id":"https:\/\/www.group-indigo.com\/es\/presse\/actualite\/resultados-de-nuestra-encuesta-europea-sobre-aparcamiento-y-desarrollo-sostenible-en-colaboracion-con-em-lyon\/#primaryimage","url":"https:\/\/www.group-indigo.com\/wp-content\/uploads\/2021\/03\/IMG_4087_01-scaled.jpg","contentUrl":"https:\/\/www.group-indigo.com\/wp-content\/uploads\/2021\/03\/IMG_4087_01-scaled.jpg","width":2048,"height":1366},{"@type":"BreadcrumbList","@id":"https:\/\/www.group-indigo.com\/es\/presse\/actualite\/resultados-de-nuestra-encuesta-europea-sobre-aparcamiento-y-desarrollo-sostenible-en-colaboracion-con-em-lyon\/#breadcrumb","itemListElement":[{"@type":"ListItem","position":1,"name":"Home","item":"https:\/\/www.group-indigo.com\/es\/"},{"@type":"ListItem","position":2,"name":"Resultados de nuestra encuesta europea sobre aparcamiento y desarrollo sostenible, en colaboraci\u00f3n con EM Lyon"}]},{"@type":"WebSite","@id":"https:\/\/www.group-indigo.com\/es\/#website","url":"https:\/\/www.group-indigo.com\/es\/","name":"Groupe INDIGO","description":"","publisher":{"@id":"https:\/\/www.group-indigo.com\/es\/#organization"},"potentialAction":[{"@type":"SearchAction","target":{"@type":"EntryPoint","urlTemplate":"https:\/\/www.group-indigo.com\/es\/?s={search_term_string}"},"query-input":{"@type":"PropertyValueSpecification","valueRequired":true,"valueName":"search_term_string"}}],"inLanguage":"es"},{"@type":"Organization","@id":"https:\/\/www.group-indigo.com\/es\/#organization","name":"Groupe INDIGO","url":"https:\/\/www.group-indigo.com\/es\/","logo":{"@type":"ImageObject","inLanguage":"es","@id":"https:\/\/www.group-indigo.com\/es\/#\/schema\/logo\/image\/","url":"https:\/\/www.group-indigo.com\/wp-content\/uploads\/2026\/03\/login-logo.svg","contentUrl":"https:\/\/www.group-indigo.com\/wp-content\/uploads\/2026\/03\/login-logo.svg","width":223,"height":49,"caption":"Groupe INDIGO"},"image":{"@id":"https:\/\/www.group-indigo.com\/es\/#\/schema\/logo\/image\/"}},{"@type":"Person","@id":"https:\/\/www.group-indigo.com\/es\/#\/schema\/person\/93bd6142e944556b9912f16b648e199a","name":"Admin","sameAs":["http:\/\/www.group-indigo.com"]}]}},"_links":{"self":[{"href":"https:\/\/www.group-indigo.com\/es\/wp-json\/wp\/v2\/posts\/1100090895","targetHints":{"allow":["GET"]}}],"collection":[{"href":"https:\/\/www.group-indigo.com\/es\/wp-json\/wp\/v2\/posts"}],"about":[{"href":"https:\/\/www.group-indigo.com\/es\/wp-json\/wp\/v2\/types\/post"}],"author":[{"embeddable":true,"href":"https:\/\/www.group-indigo.com\/es\/wp-json\/wp\/v2\/users\/1"}],"replies":[{"embeddable":true,"href":"https:\/\/www.group-indigo.com\/es\/wp-json\/wp\/v2\/comments?post=1100090895"}],"version-history":[{"count":1,"href":"https:\/\/www.group-indigo.com\/es\/wp-json\/wp\/v2\/posts\/1100090895\/revisions"}],"predecessor-version":[{"id":1100090897,"href":"https:\/\/www.group-indigo.com\/es\/wp-json\/wp\/v2\/posts\/1100090895\/revisions\/1100090897"}],"wp:featuredmedia":[{"embeddable":true,"href":"https:\/\/www.group-indigo.com\/es\/wp-json\/wp\/v2\/media\/1100090896"}],"wp:attachment":[{"href":"https:\/\/www.group-indigo.com\/es\/wp-json\/wp\/v2\/media?parent=1100090895"}],"wp:term":[{"taxonomy":"category","embeddable":true,"href":"https:\/\/www.group-indigo.com\/es\/wp-json\/wp\/v2\/categories?post=1100090895"},{"taxonomy":"post_tag","embeddable":true,"href":"https:\/\/www.group-indigo.com\/es\/wp-json\/wp\/v2\/tags?post=1100090895"}],"curies":[{"name":"wp","href":"https:\/\/api.w.org\/{rel}","templated":true}]}}