{"id":1100090907,"date":"2021-02-16T09:21:12","date_gmt":"2021-02-16T08:21:12","guid":{"rendered":"https:\/\/www.group-indigo.com\/indigo-belgica-abre-su-primera-estacion-de-bicicletas-en-amberes\/"},"modified":"2025-07-03T16:51:35","modified_gmt":"2025-07-03T14:51:35","slug":"indigo-belgica-abre-su-primera-estacion-de-bicicletas-en-amberes","status":"publish","type":"post","link":"https:\/\/www.group-indigo.com\/es\/presse\/actualite\/indigo-belgica-abre-su-primera-estacion-de-bicicletas-en-amberes\/","title":{"rendered":"INDIGO B\u00e9lgica abre su primera estaci\u00f3n de bicicletas en Amberes"},"content":{"rendered":"\n<p>INDIGO B\u00e9lgica ha inaugurado su primera estaci\u00f3n de bicicletas en el coraz\u00f3n de Amberes, bajo el Tenierplaats. Forma parte de un vasto proyecto de reconstrucci\u00f3n de la Plaza de la \u00d3pera, que se ha convertido en un centro de movilidad que incluye una estaci\u00f3n de metro y un aparcamiento de 334 plazas, Parking Opera, tambi\u00e9n gestionado por INDIGO B\u00e9lgica. <\/p>\n\n<figure class=\"wp-block-image size-large\"><img decoding=\"async\" width=\"1024\" height=\"683\" src=\"https:\/\/www.group-indigo.com\/wp-content\/uploads\/2021\/02\/DSC_0703-1024x683.jpg\" alt=\"\" class=\"wp-image-1100023751\" srcset=\"https:\/\/www.group-indigo.com\/wp-content\/uploads\/2021\/02\/DSC_0703-1024x683.jpg 1024w, https:\/\/www.group-indigo.com\/wp-content\/uploads\/2021\/02\/DSC_0703-300x200.jpg 300w, https:\/\/www.group-indigo.com\/wp-content\/uploads\/2021\/02\/DSC_0703-768x512.jpg 768w, https:\/\/www.group-indigo.com\/wp-content\/uploads\/2021\/02\/DSC_0703-1536x1024.jpg 1536w, https:\/\/www.group-indigo.com\/wp-content\/uploads\/2021\/02\/DSC_0703-scaled.jpg 2048w, https:\/\/www.group-indigo.com\/wp-content\/uploads\/2021\/02\/DSC_0703-1620x1080.jpg 1620w\" sizes=\"(max-width: 1024px) 100vw, 1024px\" \/><\/figure>\n\n<p><br\/>El aparcamiento para bicicletas ofrece <strong>297 plazas<\/strong>, <strong>69 de ellas<\/strong> para abonados locales.<br\/>Est\u00e1 estrat\u00e9gicamente situado cerca de la mayor calle comercial de Amberes, De Meir. La Concejal\u00eda de Movilidad pone a disposici\u00f3n este nuevo aparcamiento para que los habitantes de Amberes y alrededores puedan aparcar f\u00e1cilmente sus bicicletas para desplazarse por la ciudad. La estaci\u00f3n de bicicletas dispone de taquillas y cargadores gratuitos para bicicletas el\u00e9ctricas. El aparcamiento p\u00fablico es gratuito las primeras 24 horas, tras las cuales la tarifa aumenta a 1 euro al d\u00eda. Los residentes locales pagan <strong>5,60 euros<\/strong> al mes por una bicicleta est\u00e1ndar y <strong>11,20 euros<\/strong> al mes por una bicicleta de carga. Est\u00e1n muy satisfechos con el aparcamiento, dice el propietario de una farmacia:<br\/>\u00bb     <em>Mis empleados lo utilizar\u00e1n sin duda, y creo que mucha gente que trabaja en la zona tambi\u00e9n. Cada vez viene m\u00e1s gente en bici, y es una buena noticia que ahora puedan guardarlas con seguridad. Tambi\u00e9n es bueno para la gente a la que le gusta ir de compras\u00bb.  <\/em><br\/>Este espacio es el primer aparcamiento para bicicletas de INDIGO B\u00e9lgica, pero no ser\u00e1 el \u00faltimo. Para 2021, los 11 aparcamientos de Amberes dispondr\u00e1n probablemente de aparcamientos para bicicletas. <br\/> <\/p>\n\n<figure class=\"wp-block-image size-full\"><img decoding=\"async\" width=\"1024\" height=\"683\" src=\"https:\/\/www.group-indigo.com\/wp-content\/uploads\/2021\/02\/DSC_0693-1024x683-1.jpg\" alt=\"\" class=\"wp-image-1100067606\" srcset=\"https:\/\/www.group-indigo.com\/wp-content\/uploads\/2021\/02\/DSC_0693-1024x683-1.jpg 1024w, https:\/\/www.group-indigo.com\/wp-content\/uploads\/2021\/02\/DSC_0693-1024x683-1-300x200.jpg 300w, https:\/\/www.group-indigo.com\/wp-content\/uploads\/2021\/02\/DSC_0693-1024x683-1-768x512.jpg 768w\" sizes=\"(max-width: 1024px) 100vw, 1024px\" \/><\/figure>\n\n<figure class=\"wp-block-image size-full\"><img decoding=\"async\" width=\"1024\" height=\"683\" src=\"https:\/\/www.group-indigo.com\/wp-content\/uploads\/2021\/02\/DSC_0684-1024x683-1.jpg\" alt=\"\" class=\"wp-image-1100067598\" srcset=\"https:\/\/www.group-indigo.com\/wp-content\/uploads\/2021\/02\/DSC_0684-1024x683-1.jpg 1024w, https:\/\/www.group-indigo.com\/wp-content\/uploads\/2021\/02\/DSC_0684-1024x683-1-300x200.jpg 300w, https:\/\/www.group-indigo.com\/wp-content\/uploads\/2021\/02\/DSC_0684-1024x683-1-768x512.jpg 768w\" sizes=\"(max-width: 1024px) 100vw, 1024px\" \/><\/figure>\n","protected":false},"excerpt":{"rendered":"<p>INDIGO B\u00e9lgica ha inaugurado su primera estaci\u00f3n de bicicletas en el coraz\u00f3n de Amberes, bajo el Tenierplaats. Forma parte de un vasto proyecto de reconstrucci\u00f3n de la Plaza de la \u00d3pera, que se ha convertido en un centro de movilidad que incluye una estaci\u00f3n de metro y un aparcamiento de 334 plazas, Parking Opera, tambi\u00e9n [&hellip;]<\/p>\n","protected":false},"author":1,"featured_media":1100090908,"comment_status":"closed","ping_status":"open","sticky":false,"template":"","format":"standard","meta":{"_acf_changed":false,"inline_featured_image":false,"footnotes":""},"categories":[66],"tags":[],"class_list":["post-1100090907","post","type-post","status-publish","format-standard","has-post-thumbnail","hentry","category-sin-categorizar"],"acf":[],"yoast_head":"<!-- This site is optimized with the Yoast SEO plugin v27.2 - https:\/\/yoast.com\/product\/yoast-seo-wordpress\/ -->\n<title>INDIGO B\u00e9lgica abre su primera estaci\u00f3n de bicicletas en Amberes - Groupe INDIGO<\/title>\n<meta name=\"description\" content=\"INDIGO B\u00e9lgica ha inaugurado su primera estaci\u00f3n de bicicletas en el coraz\u00f3n de Amberes, bajo el Tenierplaats. Forma parte de un vasto proyecto de\" \/>\n<meta name=\"robots\" content=\"index, follow, max-snippet:-1, max-image-preview:large, max-video-preview:-1\" \/>\n<link rel=\"canonical\" href=\"https:\/\/www.group-indigo.com\/es\/presse\/actualite\/indigo-belgica-abre-su-primera-estacion-de-bicicletas-en-amberes\/\" \/>\n<meta property=\"og:locale\" content=\"es_ES\" \/>\n<meta property=\"og:type\" content=\"article\" \/>\n<meta property=\"og:title\" content=\"INDIGO B\u00e9lgica abre su primera estaci\u00f3n de bicicletas en Amberes - Groupe INDIGO\" \/>\n<meta property=\"og:description\" content=\"INDIGO B\u00e9lgica ha inaugurado su primera estaci\u00f3n de bicicletas en el coraz\u00f3n de Amberes, bajo el Tenierplaats. Forma parte de un vasto proyecto de\" \/>\n<meta property=\"og:url\" content=\"https:\/\/www.group-indigo.com\/es\/presse\/actualite\/indigo-belgica-abre-su-primera-estacion-de-bicicletas-en-amberes\/\" \/>\n<meta property=\"og:site_name\" content=\"Groupe INDIGO\" \/>\n<meta property=\"article:published_time\" content=\"2021-02-16T08:21:12+00:00\" \/>\n<meta property=\"article:modified_time\" content=\"2025-07-03T14:51:35+00:00\" \/>\n<meta property=\"og:image\" content=\"https:\/\/www.group-indigo.com\/wp-content\/uploads\/2021\/02\/DSC_0703-scaled.jpg\" \/>\n\t<meta property=\"og:image:width\" content=\"2048\" \/>\n\t<meta property=\"og:image:height\" content=\"1366\" \/>\n\t<meta property=\"og:image:type\" content=\"image\/jpeg\" \/>\n<meta name=\"author\" content=\"Admin\" \/>\n<meta name=\"twitter:card\" content=\"summary_large_image\" \/>\n<script type=\"application\/ld+json\" class=\"yoast-schema-graph\">{\"@context\":\"https:\/\/schema.org\",\"@graph\":[{\"@type\":\"Article\",\"@id\":\"https:\/\/www.group-indigo.com\/es\/presse\/actualite\/indigo-belgica-abre-su-primera-estacion-de-bicicletas-en-amberes\/#article\",\"isPartOf\":{\"@id\":\"https:\/\/www.group-indigo.com\/es\/presse\/actualite\/indigo-belgica-abre-su-primera-estacion-de-bicicletas-en-amberes\/\"},\"author\":{\"name\":\"Admin\",\"@id\":\"https:\/\/www.group-indigo.com\/es\/#\/schema\/person\/93bd6142e944556b9912f16b648e199a\"},\"headline\":\"INDIGO B\u00e9lgica abre su primera estaci\u00f3n de bicicletas en Amberes\",\"datePublished\":\"2021-02-16T08:21:12+00:00\",\"dateModified\":\"2025-07-03T14:51:35+00:00\",\"mainEntityOfPage\":{\"@id\":\"https:\/\/www.group-indigo.com\/es\/presse\/actualite\/indigo-belgica-abre-su-primera-estacion-de-bicicletas-en-amberes\/\"},\"wordCount\":284,\"publisher\":{\"@id\":\"https:\/\/www.group-indigo.com\/es\/#organization\"},\"image\":{\"@id\":\"https:\/\/www.group-indigo.com\/es\/presse\/actualite\/indigo-belgica-abre-su-primera-estacion-de-bicicletas-en-amberes\/#primaryimage\"},\"thumbnailUrl\":\"https:\/\/www.group-indigo.com\/wp-content\/uploads\/2021\/02\/DSC_0703-scaled.jpg\",\"articleSection\":[\"Sin categorizar\"],\"inLanguage\":\"es\"},{\"@type\":\"WebPage\",\"@id\":\"https:\/\/www.group-indigo.com\/es\/presse\/actualite\/indigo-belgica-abre-su-primera-estacion-de-bicicletas-en-amberes\/\",\"url\":\"https:\/\/www.group-indigo.com\/es\/presse\/actualite\/indigo-belgica-abre-su-primera-estacion-de-bicicletas-en-amberes\/\",\"name\":\"INDIGO B\u00e9lgica abre su primera estaci\u00f3n de bicicletas en Amberes - Groupe INDIGO\",\"isPartOf\":{\"@id\":\"https:\/\/www.group-indigo.com\/es\/#website\"},\"primaryImageOfPage\":{\"@id\":\"https:\/\/www.group-indigo.com\/es\/presse\/actualite\/indigo-belgica-abre-su-primera-estacion-de-bicicletas-en-amberes\/#primaryimage\"},\"image\":{\"@id\":\"https:\/\/www.group-indigo.com\/es\/presse\/actualite\/indigo-belgica-abre-su-primera-estacion-de-bicicletas-en-amberes\/#primaryimage\"},\"thumbnailUrl\":\"https:\/\/www.group-indigo.com\/wp-content\/uploads\/2021\/02\/DSC_0703-scaled.jpg\",\"datePublished\":\"2021-02-16T08:21:12+00:00\",\"dateModified\":\"2025-07-03T14:51:35+00:00\",\"description\":\"INDIGO B\u00e9lgica ha inaugurado su primera estaci\u00f3n de bicicletas en el coraz\u00f3n de Amberes, bajo el Tenierplaats. Forma parte de un vasto proyecto de\",\"breadcrumb\":{\"@id\":\"https:\/\/www.group-indigo.com\/es\/presse\/actualite\/indigo-belgica-abre-su-primera-estacion-de-bicicletas-en-amberes\/#breadcrumb\"},\"inLanguage\":\"es\",\"potentialAction\":[{\"@type\":\"ReadAction\",\"target\":[\"https:\/\/www.group-indigo.com\/es\/presse\/actualite\/indigo-belgica-abre-su-primera-estacion-de-bicicletas-en-amberes\/\"]}]},{\"@type\":\"ImageObject\",\"inLanguage\":\"es\",\"@id\":\"https:\/\/www.group-indigo.com\/es\/presse\/actualite\/indigo-belgica-abre-su-primera-estacion-de-bicicletas-en-amberes\/#primaryimage\",\"url\":\"https:\/\/www.group-indigo.com\/wp-content\/uploads\/2021\/02\/DSC_0703-scaled.jpg\",\"contentUrl\":\"https:\/\/www.group-indigo.com\/wp-content\/uploads\/2021\/02\/DSC_0703-scaled.jpg\",\"width\":2048,\"height\":1366},{\"@type\":\"BreadcrumbList\",\"@id\":\"https:\/\/www.group-indigo.com\/es\/presse\/actualite\/indigo-belgica-abre-su-primera-estacion-de-bicicletas-en-amberes\/#breadcrumb\",\"itemListElement\":[{\"@type\":\"ListItem\",\"position\":1,\"name\":\"Home\",\"item\":\"https:\/\/www.group-indigo.com\/es\/\"},{\"@type\":\"ListItem\",\"position\":2,\"name\":\"INDIGO B\u00e9lgica abre su primera estaci\u00f3n de bicicletas en Amberes\"}]},{\"@type\":\"WebSite\",\"@id\":\"https:\/\/www.group-indigo.com\/es\/#website\",\"url\":\"https:\/\/www.group-indigo.com\/es\/\",\"name\":\"Groupe INDIGO\",\"description\":\"\",\"publisher\":{\"@id\":\"https:\/\/www.group-indigo.com\/es\/#organization\"},\"potentialAction\":[{\"@type\":\"SearchAction\",\"target\":{\"@type\":\"EntryPoint\",\"urlTemplate\":\"https:\/\/www.group-indigo.com\/es\/?s={search_term_string}\"},\"query-input\":{\"@type\":\"PropertyValueSpecification\",\"valueRequired\":true,\"valueName\":\"search_term_string\"}}],\"inLanguage\":\"es\"},{\"@type\":\"Organization\",\"@id\":\"https:\/\/www.group-indigo.com\/es\/#organization\",\"name\":\"Groupe INDIGO\",\"url\":\"https:\/\/www.group-indigo.com\/es\/\",\"logo\":{\"@type\":\"ImageObject\",\"inLanguage\":\"es\",\"@id\":\"https:\/\/www.group-indigo.com\/es\/#\/schema\/logo\/image\/\",\"url\":\"https:\/\/www.group-indigo.com\/wp-content\/uploads\/2026\/03\/login-logo.svg\",\"contentUrl\":\"https:\/\/www.group-indigo.com\/wp-content\/uploads\/2026\/03\/login-logo.svg\",\"width\":223,\"height\":49,\"caption\":\"Groupe INDIGO\"},\"image\":{\"@id\":\"https:\/\/www.group-indigo.com\/es\/#\/schema\/logo\/image\/\"}},{\"@type\":\"Person\",\"@id\":\"https:\/\/www.group-indigo.com\/es\/#\/schema\/person\/93bd6142e944556b9912f16b648e199a\",\"name\":\"Admin\",\"sameAs\":[\"http:\/\/www.group-indigo.com\"]}]}<\/script>\n<!-- \/ Yoast SEO plugin. -->","yoast_head_json":{"title":"INDIGO B\u00e9lgica abre su primera estaci\u00f3n de bicicletas en Amberes - Groupe INDIGO","description":"INDIGO B\u00e9lgica ha inaugurado su primera estaci\u00f3n de bicicletas en el coraz\u00f3n de Amberes, bajo el Tenierplaats. Forma parte de un vasto proyecto de","robots":{"index":"index","follow":"follow","max-snippet":"max-snippet:-1","max-image-preview":"max-image-preview:large","max-video-preview":"max-video-preview:-1"},"canonical":"https:\/\/www.group-indigo.com\/es\/presse\/actualite\/indigo-belgica-abre-su-primera-estacion-de-bicicletas-en-amberes\/","og_locale":"es_ES","og_type":"article","og_title":"INDIGO B\u00e9lgica abre su primera estaci\u00f3n de bicicletas en Amberes - Groupe INDIGO","og_description":"INDIGO B\u00e9lgica ha inaugurado su primera estaci\u00f3n de bicicletas en el coraz\u00f3n de Amberes, bajo el Tenierplaats. Forma parte de un vasto proyecto de","og_url":"https:\/\/www.group-indigo.com\/es\/presse\/actualite\/indigo-belgica-abre-su-primera-estacion-de-bicicletas-en-amberes\/","og_site_name":"Groupe INDIGO","article_published_time":"2021-02-16T08:21:12+00:00","article_modified_time":"2025-07-03T14:51:35+00:00","og_image":[{"width":2048,"height":1366,"url":"https:\/\/www.group-indigo.com\/wp-content\/uploads\/2021\/02\/DSC_0703-scaled.jpg","type":"image\/jpeg"}],"author":"Admin","twitter_card":"summary_large_image","schema":{"@context":"https:\/\/schema.org","@graph":[{"@type":"Article","@id":"https:\/\/www.group-indigo.com\/es\/presse\/actualite\/indigo-belgica-abre-su-primera-estacion-de-bicicletas-en-amberes\/#article","isPartOf":{"@id":"https:\/\/www.group-indigo.com\/es\/presse\/actualite\/indigo-belgica-abre-su-primera-estacion-de-bicicletas-en-amberes\/"},"author":{"name":"Admin","@id":"https:\/\/www.group-indigo.com\/es\/#\/schema\/person\/93bd6142e944556b9912f16b648e199a"},"headline":"INDIGO B\u00e9lgica abre su primera estaci\u00f3n de bicicletas en Amberes","datePublished":"2021-02-16T08:21:12+00:00","dateModified":"2025-07-03T14:51:35+00:00","mainEntityOfPage":{"@id":"https:\/\/www.group-indigo.com\/es\/presse\/actualite\/indigo-belgica-abre-su-primera-estacion-de-bicicletas-en-amberes\/"},"wordCount":284,"publisher":{"@id":"https:\/\/www.group-indigo.com\/es\/#organization"},"image":{"@id":"https:\/\/www.group-indigo.com\/es\/presse\/actualite\/indigo-belgica-abre-su-primera-estacion-de-bicicletas-en-amberes\/#primaryimage"},"thumbnailUrl":"https:\/\/www.group-indigo.com\/wp-content\/uploads\/2021\/02\/DSC_0703-scaled.jpg","articleSection":["Sin categorizar"],"inLanguage":"es"},{"@type":"WebPage","@id":"https:\/\/www.group-indigo.com\/es\/presse\/actualite\/indigo-belgica-abre-su-primera-estacion-de-bicicletas-en-amberes\/","url":"https:\/\/www.group-indigo.com\/es\/presse\/actualite\/indigo-belgica-abre-su-primera-estacion-de-bicicletas-en-amberes\/","name":"INDIGO B\u00e9lgica abre su primera estaci\u00f3n de bicicletas en Amberes - Groupe INDIGO","isPartOf":{"@id":"https:\/\/www.group-indigo.com\/es\/#website"},"primaryImageOfPage":{"@id":"https:\/\/www.group-indigo.com\/es\/presse\/actualite\/indigo-belgica-abre-su-primera-estacion-de-bicicletas-en-amberes\/#primaryimage"},"image":{"@id":"https:\/\/www.group-indigo.com\/es\/presse\/actualite\/indigo-belgica-abre-su-primera-estacion-de-bicicletas-en-amberes\/#primaryimage"},"thumbnailUrl":"https:\/\/www.group-indigo.com\/wp-content\/uploads\/2021\/02\/DSC_0703-scaled.jpg","datePublished":"2021-02-16T08:21:12+00:00","dateModified":"2025-07-03T14:51:35+00:00","description":"INDIGO B\u00e9lgica ha inaugurado su primera estaci\u00f3n de bicicletas en el coraz\u00f3n de Amberes, bajo el Tenierplaats. Forma parte de un vasto proyecto de","breadcrumb":{"@id":"https:\/\/www.group-indigo.com\/es\/presse\/actualite\/indigo-belgica-abre-su-primera-estacion-de-bicicletas-en-amberes\/#breadcrumb"},"inLanguage":"es","potentialAction":[{"@type":"ReadAction","target":["https:\/\/www.group-indigo.com\/es\/presse\/actualite\/indigo-belgica-abre-su-primera-estacion-de-bicicletas-en-amberes\/"]}]},{"@type":"ImageObject","inLanguage":"es","@id":"https:\/\/www.group-indigo.com\/es\/presse\/actualite\/indigo-belgica-abre-su-primera-estacion-de-bicicletas-en-amberes\/#primaryimage","url":"https:\/\/www.group-indigo.com\/wp-content\/uploads\/2021\/02\/DSC_0703-scaled.jpg","contentUrl":"https:\/\/www.group-indigo.com\/wp-content\/uploads\/2021\/02\/DSC_0703-scaled.jpg","width":2048,"height":1366},{"@type":"BreadcrumbList","@id":"https:\/\/www.group-indigo.com\/es\/presse\/actualite\/indigo-belgica-abre-su-primera-estacion-de-bicicletas-en-amberes\/#breadcrumb","itemListElement":[{"@type":"ListItem","position":1,"name":"Home","item":"https:\/\/www.group-indigo.com\/es\/"},{"@type":"ListItem","position":2,"name":"INDIGO B\u00e9lgica abre su primera estaci\u00f3n de bicicletas en Amberes"}]},{"@type":"WebSite","@id":"https:\/\/www.group-indigo.com\/es\/#website","url":"https:\/\/www.group-indigo.com\/es\/","name":"Groupe INDIGO","description":"","publisher":{"@id":"https:\/\/www.group-indigo.com\/es\/#organization"},"potentialAction":[{"@type":"SearchAction","target":{"@type":"EntryPoint","urlTemplate":"https:\/\/www.group-indigo.com\/es\/?s={search_term_string}"},"query-input":{"@type":"PropertyValueSpecification","valueRequired":true,"valueName":"search_term_string"}}],"inLanguage":"es"},{"@type":"Organization","@id":"https:\/\/www.group-indigo.com\/es\/#organization","name":"Groupe INDIGO","url":"https:\/\/www.group-indigo.com\/es\/","logo":{"@type":"ImageObject","inLanguage":"es","@id":"https:\/\/www.group-indigo.com\/es\/#\/schema\/logo\/image\/","url":"https:\/\/www.group-indigo.com\/wp-content\/uploads\/2026\/03\/login-logo.svg","contentUrl":"https:\/\/www.group-indigo.com\/wp-content\/uploads\/2026\/03\/login-logo.svg","width":223,"height":49,"caption":"Groupe INDIGO"},"image":{"@id":"https:\/\/www.group-indigo.com\/es\/#\/schema\/logo\/image\/"}},{"@type":"Person","@id":"https:\/\/www.group-indigo.com\/es\/#\/schema\/person\/93bd6142e944556b9912f16b648e199a","name":"Admin","sameAs":["http:\/\/www.group-indigo.com"]}]}},"_links":{"self":[{"href":"https:\/\/www.group-indigo.com\/es\/wp-json\/wp\/v2\/posts\/1100090907","targetHints":{"allow":["GET"]}}],"collection":[{"href":"https:\/\/www.group-indigo.com\/es\/wp-json\/wp\/v2\/posts"}],"about":[{"href":"https:\/\/www.group-indigo.com\/es\/wp-json\/wp\/v2\/types\/post"}],"author":[{"embeddable":true,"href":"https:\/\/www.group-indigo.com\/es\/wp-json\/wp\/v2\/users\/1"}],"replies":[{"embeddable":true,"href":"https:\/\/www.group-indigo.com\/es\/wp-json\/wp\/v2\/comments?post=1100090907"}],"version-history":[{"count":1,"href":"https:\/\/www.group-indigo.com\/es\/wp-json\/wp\/v2\/posts\/1100090907\/revisions"}],"predecessor-version":[{"id":1100090909,"href":"https:\/\/www.group-indigo.com\/es\/wp-json\/wp\/v2\/posts\/1100090907\/revisions\/1100090909"}],"wp:featuredmedia":[{"embeddable":true,"href":"https:\/\/www.group-indigo.com\/es\/wp-json\/wp\/v2\/media\/1100090908"}],"wp:attachment":[{"href":"https:\/\/www.group-indigo.com\/es\/wp-json\/wp\/v2\/media?parent=1100090907"}],"wp:term":[{"taxonomy":"category","embeddable":true,"href":"https:\/\/www.group-indigo.com\/es\/wp-json\/wp\/v2\/categories?post=1100090907"},{"taxonomy":"post_tag","embeddable":true,"href":"https:\/\/www.group-indigo.com\/es\/wp-json\/wp\/v2\/tags?post=1100090907"}],"curies":[{"name":"wp","href":"https:\/\/api.w.org\/{rel}","templated":true}]}}