{"id":1100090941,"date":"2020-10-28T09:00:05","date_gmt":"2020-10-28T08:00:05","guid":{"rendered":"https:\/\/www.group-indigo.com\/en-bruselas-y-amberes-indigo-belgica-forja-asociaciones-de-movilidad-sostenible-con-urbeez-y-green-mobility\/"},"modified":"2025-07-03T16:54:33","modified_gmt":"2025-07-03T14:54:33","slug":"en-bruselas-y-amberes-indigo-belgica-forja-asociaciones-de-movilidad-sostenible-con-urbeez-y-green-mobility","status":"publish","type":"post","link":"https:\/\/www.group-indigo.com\/es\/presse\/actualite\/en-bruselas-y-amberes-indigo-belgica-forja-asociaciones-de-movilidad-sostenible-con-urbeez-y-green-mobility\/","title":{"rendered":"En Bruselas y Amberes, Indigo B\u00e9lgica forja asociaciones de movilidad sostenible con Urbeez y Green mobility"},"content":{"rendered":"\n<p><strong>En l\u00ednea con su visi\u00f3n del aparcamiento del futuro, un lugar conectado con su entorno y que aporte nuevas soluciones para la ciudad del ma\u00f1ana, INDIGO lanza dos nuevas colaboraciones en B\u00e9lgica. La primera consiste en la creaci\u00f3n de espacios log\u00edsticos urbanos con Urbeez, una empresa emergente que ofrece servicios de paqueter\u00eda respetuosos con el medio ambiente en dos aparcamientos de Bruselas, y la segunda consiste en la instalaci\u00f3n de estaciones de coche compartido Green Mobility en nuestros aparcamientos de Amberes. <\/strong><\/p>\n\n<figure class=\"wp-block-image\"><img decoding=\"async\" src=\"https:\/\/www.group-indigo.com\/wp-content\/uploads\/2020\/10\/greenmobility-urbeez.jpg\" alt=\"\" class=\"wp-image-1100007189\"\/><\/figure>\n\n<p>Urbeez es una soluci\u00f3n de reparto de paquetes mediante bicicletas de carga en Bruselas. Funciona de forma muy sencilla: s\u00f3lo tienes que solicitar un presupuesto gratuito en el sitio web, el equipo de ventas de Urbeez se pondr\u00e1 en contacto contigo y \u00a1listo! Las bicicletas de carga o los camiones el\u00e9ctricos recogen la mercanc\u00eda de los clientes o la env\u00edan a los dep\u00f3sitos urbanos de Urbeez, que se encuentran en los aparcamientos INDIGO. Por \u00faltimo, nuestros conductores de reparto entregan a los clientes finales contra firma. Un sistema de seguimiento y localizaci\u00f3n permite a todo el mundo saber d\u00f3nde est\u00e1 el paquete en tiempo real.    <\/p>\n\n<p>Indigo ofrece a Urbeez un espacio dedicado y seguro en los aparcamientos Royal y Thon para que pueda gestionar la log\u00edstica de su servicio. A cambio, Urbeez instalar\u00e1 ofertas promocionales de INDIGO en sus bicicletas de reparto. <\/p>\n\n<p>Adem\u00e1s de descongestionar y limitar la contaminaci\u00f3n en las zonas urbanas, la ciclo-log\u00edstica aporta soluciones a los retos econ\u00f3micos y sociales: crea nuevos puestos de trabajo, les a\u00f1ade valor y ofrece una actividad profesional a personas sin formaci\u00f3n particular en un sector innovador. Para saber m\u00e1s sobre nuestro socio Urbeez, haz clic <a href=\"https:\/\/fr.urbeez.bike\/livraison-bruxelles-velo\" target=\"_blank\" rel=\"noopener\">aqu\u00ed<\/a>. <\/p>\n\n<p>Green Mobility es una empresa danesa de movilidad compartida que ofrece un servicio de alquiler de coches el\u00e9ctricos a trav\u00e9s de una app espec\u00edfica. El 1 de octubre de 2020, lanz\u00f3 m\u00e1s de 100 coches compartidos de emisiones cero en el mercado de Amberes. Green Mobility buscaba un socio de aparcamiento en Amberes para alojar su servicio y permitir la recarga el\u00e9ctrica de los veh\u00edculos. INDIGO gestiona varios aparcamientos en Amberes, por lo que la asociaci\u00f3n encajaba de forma natural.   <\/p>\n\n<p>Hoy, los clientes de Movilidad Verde pueden recoger y dejar un coche 100% el\u00e9ctrico en un aparcamiento Indigo, como Parking Groenplaats, Parking Aeropuerto de Amberes.<\/p>\n\n<p>Como todos los coches son 100% el\u00e9ctricos, INDIGO proporciona estaciones de recarga exclusivas para la Movilidad Verde.<\/p>\n\n<p><\/p>\n","protected":false},"excerpt":{"rendered":"<p>En l\u00ednea con su visi\u00f3n del aparcamiento del futuro, un lugar conectado con su entorno y que aporte nuevas soluciones para la ciudad del ma\u00f1ana, INDIGO lanza dos nuevas colaboraciones en B\u00e9lgica. La primera consiste en la creaci\u00f3n de espacios log\u00edsticos urbanos con Urbeez, una empresa emergente que ofrece servicios de paqueter\u00eda respetuosos con el [&hellip;]<\/p>\n","protected":false},"author":1,"featured_media":1100090942,"comment_status":"closed","ping_status":"open","sticky":false,"template":"","format":"standard","meta":{"_acf_changed":false,"inline_featured_image":false,"footnotes":""},"categories":[66],"tags":[],"class_list":["post-1100090941","post","type-post","status-publish","format-standard","has-post-thumbnail","hentry","category-sin-categorizar"],"acf":[],"yoast_head":"<!-- This site is optimized with the Yoast SEO plugin v27.2 - https:\/\/yoast.com\/product\/yoast-seo-wordpress\/ -->\n<title>En Bruselas y Amberes, Indigo B\u00e9lgica forja asociaciones de movilidad sostenible con Urbeez y Green mobility - Groupe INDIGO<\/title>\n<meta name=\"description\" content=\"En l\u00ednea con su visi\u00f3n del aparcamiento del futuro, un lugar conectado con su entorno y que aporte nuevas soluciones para la ciudad del ma\u00f1ana, INDIGO\" \/>\n<meta name=\"robots\" content=\"index, follow, max-snippet:-1, max-image-preview:large, max-video-preview:-1\" \/>\n<link rel=\"canonical\" href=\"https:\/\/www.group-indigo.com\/es\/presse\/actualite\/en-bruselas-y-amberes-indigo-belgica-forja-asociaciones-de-movilidad-sostenible-con-urbeez-y-green-mobility\/\" \/>\n<meta property=\"og:locale\" content=\"es_ES\" \/>\n<meta property=\"og:type\" content=\"article\" \/>\n<meta property=\"og:title\" content=\"En Bruselas y Amberes, Indigo B\u00e9lgica forja asociaciones de movilidad sostenible con Urbeez y Green mobility - Groupe INDIGO\" \/>\n<meta property=\"og:description\" content=\"En l\u00ednea con su visi\u00f3n del aparcamiento del futuro, un lugar conectado con su entorno y que aporte nuevas soluciones para la ciudad del ma\u00f1ana, INDIGO\" \/>\n<meta property=\"og:url\" content=\"https:\/\/www.group-indigo.com\/es\/presse\/actualite\/en-bruselas-y-amberes-indigo-belgica-forja-asociaciones-de-movilidad-sostenible-con-urbeez-y-green-mobility\/\" \/>\n<meta property=\"og:site_name\" content=\"Groupe INDIGO\" \/>\n<meta property=\"article:published_time\" content=\"2020-10-28T08:00:05+00:00\" \/>\n<meta property=\"article:modified_time\" content=\"2025-07-03T14:54:33+00:00\" \/>\n<meta property=\"og:image\" content=\"https:\/\/www.group-indigo.com\/wp-content\/uploads\/2020\/10\/greenmobility-urbeez.jpg\" \/>\n\t<meta property=\"og:image:width\" content=\"960\" \/>\n\t<meta property=\"og:image:height\" content=\"635\" \/>\n\t<meta property=\"og:image:type\" content=\"image\/jpeg\" \/>\n<meta name=\"author\" content=\"Admin\" \/>\n<meta name=\"twitter:card\" content=\"summary_large_image\" \/>\n<script type=\"application\/ld+json\" class=\"yoast-schema-graph\">{\"@context\":\"https:\/\/schema.org\",\"@graph\":[{\"@type\":\"Article\",\"@id\":\"https:\/\/www.group-indigo.com\/es\/presse\/actualite\/en-bruselas-y-amberes-indigo-belgica-forja-asociaciones-de-movilidad-sostenible-con-urbeez-y-green-mobility\/#article\",\"isPartOf\":{\"@id\":\"https:\/\/www.group-indigo.com\/es\/presse\/actualite\/en-bruselas-y-amberes-indigo-belgica-forja-asociaciones-de-movilidad-sostenible-con-urbeez-y-green-mobility\/\"},\"author\":{\"name\":\"Admin\",\"@id\":\"https:\/\/www.group-indigo.com\/es\/#\/schema\/person\/93bd6142e944556b9912f16b648e199a\"},\"headline\":\"En Bruselas y Amberes, Indigo B\u00e9lgica forja asociaciones de movilidad sostenible con Urbeez y Green mobility\",\"datePublished\":\"2020-10-28T08:00:05+00:00\",\"dateModified\":\"2025-07-03T14:54:33+00:00\",\"mainEntityOfPage\":{\"@id\":\"https:\/\/www.group-indigo.com\/es\/presse\/actualite\/en-bruselas-y-amberes-indigo-belgica-forja-asociaciones-de-movilidad-sostenible-con-urbeez-y-green-mobility\/\"},\"wordCount\":443,\"publisher\":{\"@id\":\"https:\/\/www.group-indigo.com\/es\/#organization\"},\"image\":{\"@id\":\"https:\/\/www.group-indigo.com\/es\/presse\/actualite\/en-bruselas-y-amberes-indigo-belgica-forja-asociaciones-de-movilidad-sostenible-con-urbeez-y-green-mobility\/#primaryimage\"},\"thumbnailUrl\":\"https:\/\/www.group-indigo.com\/wp-content\/uploads\/2020\/10\/greenmobility-urbeez.jpg\",\"articleSection\":[\"Sin categorizar\"],\"inLanguage\":\"es\"},{\"@type\":\"WebPage\",\"@id\":\"https:\/\/www.group-indigo.com\/es\/presse\/actualite\/en-bruselas-y-amberes-indigo-belgica-forja-asociaciones-de-movilidad-sostenible-con-urbeez-y-green-mobility\/\",\"url\":\"https:\/\/www.group-indigo.com\/es\/presse\/actualite\/en-bruselas-y-amberes-indigo-belgica-forja-asociaciones-de-movilidad-sostenible-con-urbeez-y-green-mobility\/\",\"name\":\"En Bruselas y Amberes, Indigo B\u00e9lgica forja asociaciones de movilidad sostenible con Urbeez y Green mobility - Groupe INDIGO\",\"isPartOf\":{\"@id\":\"https:\/\/www.group-indigo.com\/es\/#website\"},\"primaryImageOfPage\":{\"@id\":\"https:\/\/www.group-indigo.com\/es\/presse\/actualite\/en-bruselas-y-amberes-indigo-belgica-forja-asociaciones-de-movilidad-sostenible-con-urbeez-y-green-mobility\/#primaryimage\"},\"image\":{\"@id\":\"https:\/\/www.group-indigo.com\/es\/presse\/actualite\/en-bruselas-y-amberes-indigo-belgica-forja-asociaciones-de-movilidad-sostenible-con-urbeez-y-green-mobility\/#primaryimage\"},\"thumbnailUrl\":\"https:\/\/www.group-indigo.com\/wp-content\/uploads\/2020\/10\/greenmobility-urbeez.jpg\",\"datePublished\":\"2020-10-28T08:00:05+00:00\",\"dateModified\":\"2025-07-03T14:54:33+00:00\",\"description\":\"En l\u00ednea con su visi\u00f3n del aparcamiento del futuro, un lugar conectado con su entorno y que aporte nuevas soluciones para la ciudad del ma\u00f1ana, INDIGO\",\"breadcrumb\":{\"@id\":\"https:\/\/www.group-indigo.com\/es\/presse\/actualite\/en-bruselas-y-amberes-indigo-belgica-forja-asociaciones-de-movilidad-sostenible-con-urbeez-y-green-mobility\/#breadcrumb\"},\"inLanguage\":\"es\",\"potentialAction\":[{\"@type\":\"ReadAction\",\"target\":[\"https:\/\/www.group-indigo.com\/es\/presse\/actualite\/en-bruselas-y-amberes-indigo-belgica-forja-asociaciones-de-movilidad-sostenible-con-urbeez-y-green-mobility\/\"]}]},{\"@type\":\"ImageObject\",\"inLanguage\":\"es\",\"@id\":\"https:\/\/www.group-indigo.com\/es\/presse\/actualite\/en-bruselas-y-amberes-indigo-belgica-forja-asociaciones-de-movilidad-sostenible-con-urbeez-y-green-mobility\/#primaryimage\",\"url\":\"https:\/\/www.group-indigo.com\/wp-content\/uploads\/2020\/10\/greenmobility-urbeez.jpg\",\"contentUrl\":\"https:\/\/www.group-indigo.com\/wp-content\/uploads\/2020\/10\/greenmobility-urbeez.jpg\",\"width\":960,\"height\":635},{\"@type\":\"BreadcrumbList\",\"@id\":\"https:\/\/www.group-indigo.com\/es\/presse\/actualite\/en-bruselas-y-amberes-indigo-belgica-forja-asociaciones-de-movilidad-sostenible-con-urbeez-y-green-mobility\/#breadcrumb\",\"itemListElement\":[{\"@type\":\"ListItem\",\"position\":1,\"name\":\"Home\",\"item\":\"https:\/\/www.group-indigo.com\/es\/\"},{\"@type\":\"ListItem\",\"position\":2,\"name\":\"En Bruselas y Amberes, Indigo B\u00e9lgica forja asociaciones de movilidad sostenible con Urbeez y Green mobility\"}]},{\"@type\":\"WebSite\",\"@id\":\"https:\/\/www.group-indigo.com\/es\/#website\",\"url\":\"https:\/\/www.group-indigo.com\/es\/\",\"name\":\"Groupe INDIGO\",\"description\":\"\",\"publisher\":{\"@id\":\"https:\/\/www.group-indigo.com\/es\/#organization\"},\"potentialAction\":[{\"@type\":\"SearchAction\",\"target\":{\"@type\":\"EntryPoint\",\"urlTemplate\":\"https:\/\/www.group-indigo.com\/es\/?s={search_term_string}\"},\"query-input\":{\"@type\":\"PropertyValueSpecification\",\"valueRequired\":true,\"valueName\":\"search_term_string\"}}],\"inLanguage\":\"es\"},{\"@type\":\"Organization\",\"@id\":\"https:\/\/www.group-indigo.com\/es\/#organization\",\"name\":\"Groupe INDIGO\",\"url\":\"https:\/\/www.group-indigo.com\/es\/\",\"logo\":{\"@type\":\"ImageObject\",\"inLanguage\":\"es\",\"@id\":\"https:\/\/www.group-indigo.com\/es\/#\/schema\/logo\/image\/\",\"url\":\"https:\/\/www.group-indigo.com\/wp-content\/uploads\/2026\/03\/login-logo.svg\",\"contentUrl\":\"https:\/\/www.group-indigo.com\/wp-content\/uploads\/2026\/03\/login-logo.svg\",\"width\":223,\"height\":49,\"caption\":\"Groupe INDIGO\"},\"image\":{\"@id\":\"https:\/\/www.group-indigo.com\/es\/#\/schema\/logo\/image\/\"}},{\"@type\":\"Person\",\"@id\":\"https:\/\/www.group-indigo.com\/es\/#\/schema\/person\/93bd6142e944556b9912f16b648e199a\",\"name\":\"Admin\",\"sameAs\":[\"http:\/\/www.group-indigo.com\"]}]}<\/script>\n<!-- \/ Yoast SEO plugin. -->","yoast_head_json":{"title":"En Bruselas y Amberes, Indigo B\u00e9lgica forja asociaciones de movilidad sostenible con Urbeez y Green mobility - Groupe INDIGO","description":"En l\u00ednea con su visi\u00f3n del aparcamiento del futuro, un lugar conectado con su entorno y que aporte nuevas soluciones para la ciudad del ma\u00f1ana, INDIGO","robots":{"index":"index","follow":"follow","max-snippet":"max-snippet:-1","max-image-preview":"max-image-preview:large","max-video-preview":"max-video-preview:-1"},"canonical":"https:\/\/www.group-indigo.com\/es\/presse\/actualite\/en-bruselas-y-amberes-indigo-belgica-forja-asociaciones-de-movilidad-sostenible-con-urbeez-y-green-mobility\/","og_locale":"es_ES","og_type":"article","og_title":"En Bruselas y Amberes, Indigo B\u00e9lgica forja asociaciones de movilidad sostenible con Urbeez y Green mobility - Groupe INDIGO","og_description":"En l\u00ednea con su visi\u00f3n del aparcamiento del futuro, un lugar conectado con su entorno y que aporte nuevas soluciones para la ciudad del ma\u00f1ana, INDIGO","og_url":"https:\/\/www.group-indigo.com\/es\/presse\/actualite\/en-bruselas-y-amberes-indigo-belgica-forja-asociaciones-de-movilidad-sostenible-con-urbeez-y-green-mobility\/","og_site_name":"Groupe INDIGO","article_published_time":"2020-10-28T08:00:05+00:00","article_modified_time":"2025-07-03T14:54:33+00:00","og_image":[{"width":960,"height":635,"url":"https:\/\/www.group-indigo.com\/wp-content\/uploads\/2020\/10\/greenmobility-urbeez.jpg","type":"image\/jpeg"}],"author":"Admin","twitter_card":"summary_large_image","schema":{"@context":"https:\/\/schema.org","@graph":[{"@type":"Article","@id":"https:\/\/www.group-indigo.com\/es\/presse\/actualite\/en-bruselas-y-amberes-indigo-belgica-forja-asociaciones-de-movilidad-sostenible-con-urbeez-y-green-mobility\/#article","isPartOf":{"@id":"https:\/\/www.group-indigo.com\/es\/presse\/actualite\/en-bruselas-y-amberes-indigo-belgica-forja-asociaciones-de-movilidad-sostenible-con-urbeez-y-green-mobility\/"},"author":{"name":"Admin","@id":"https:\/\/www.group-indigo.com\/es\/#\/schema\/person\/93bd6142e944556b9912f16b648e199a"},"headline":"En Bruselas y Amberes, Indigo B\u00e9lgica forja asociaciones de movilidad sostenible con Urbeez y Green mobility","datePublished":"2020-10-28T08:00:05+00:00","dateModified":"2025-07-03T14:54:33+00:00","mainEntityOfPage":{"@id":"https:\/\/www.group-indigo.com\/es\/presse\/actualite\/en-bruselas-y-amberes-indigo-belgica-forja-asociaciones-de-movilidad-sostenible-con-urbeez-y-green-mobility\/"},"wordCount":443,"publisher":{"@id":"https:\/\/www.group-indigo.com\/es\/#organization"},"image":{"@id":"https:\/\/www.group-indigo.com\/es\/presse\/actualite\/en-bruselas-y-amberes-indigo-belgica-forja-asociaciones-de-movilidad-sostenible-con-urbeez-y-green-mobility\/#primaryimage"},"thumbnailUrl":"https:\/\/www.group-indigo.com\/wp-content\/uploads\/2020\/10\/greenmobility-urbeez.jpg","articleSection":["Sin categorizar"],"inLanguage":"es"},{"@type":"WebPage","@id":"https:\/\/www.group-indigo.com\/es\/presse\/actualite\/en-bruselas-y-amberes-indigo-belgica-forja-asociaciones-de-movilidad-sostenible-con-urbeez-y-green-mobility\/","url":"https:\/\/www.group-indigo.com\/es\/presse\/actualite\/en-bruselas-y-amberes-indigo-belgica-forja-asociaciones-de-movilidad-sostenible-con-urbeez-y-green-mobility\/","name":"En Bruselas y Amberes, Indigo B\u00e9lgica forja asociaciones de movilidad sostenible con Urbeez y Green mobility - Groupe INDIGO","isPartOf":{"@id":"https:\/\/www.group-indigo.com\/es\/#website"},"primaryImageOfPage":{"@id":"https:\/\/www.group-indigo.com\/es\/presse\/actualite\/en-bruselas-y-amberes-indigo-belgica-forja-asociaciones-de-movilidad-sostenible-con-urbeez-y-green-mobility\/#primaryimage"},"image":{"@id":"https:\/\/www.group-indigo.com\/es\/presse\/actualite\/en-bruselas-y-amberes-indigo-belgica-forja-asociaciones-de-movilidad-sostenible-con-urbeez-y-green-mobility\/#primaryimage"},"thumbnailUrl":"https:\/\/www.group-indigo.com\/wp-content\/uploads\/2020\/10\/greenmobility-urbeez.jpg","datePublished":"2020-10-28T08:00:05+00:00","dateModified":"2025-07-03T14:54:33+00:00","description":"En l\u00ednea con su visi\u00f3n del aparcamiento del futuro, un lugar conectado con su entorno y que aporte nuevas soluciones para la ciudad del ma\u00f1ana, INDIGO","breadcrumb":{"@id":"https:\/\/www.group-indigo.com\/es\/presse\/actualite\/en-bruselas-y-amberes-indigo-belgica-forja-asociaciones-de-movilidad-sostenible-con-urbeez-y-green-mobility\/#breadcrumb"},"inLanguage":"es","potentialAction":[{"@type":"ReadAction","target":["https:\/\/www.group-indigo.com\/es\/presse\/actualite\/en-bruselas-y-amberes-indigo-belgica-forja-asociaciones-de-movilidad-sostenible-con-urbeez-y-green-mobility\/"]}]},{"@type":"ImageObject","inLanguage":"es","@id":"https:\/\/www.group-indigo.com\/es\/presse\/actualite\/en-bruselas-y-amberes-indigo-belgica-forja-asociaciones-de-movilidad-sostenible-con-urbeez-y-green-mobility\/#primaryimage","url":"https:\/\/www.group-indigo.com\/wp-content\/uploads\/2020\/10\/greenmobility-urbeez.jpg","contentUrl":"https:\/\/www.group-indigo.com\/wp-content\/uploads\/2020\/10\/greenmobility-urbeez.jpg","width":960,"height":635},{"@type":"BreadcrumbList","@id":"https:\/\/www.group-indigo.com\/es\/presse\/actualite\/en-bruselas-y-amberes-indigo-belgica-forja-asociaciones-de-movilidad-sostenible-con-urbeez-y-green-mobility\/#breadcrumb","itemListElement":[{"@type":"ListItem","position":1,"name":"Home","item":"https:\/\/www.group-indigo.com\/es\/"},{"@type":"ListItem","position":2,"name":"En Bruselas y Amberes, Indigo B\u00e9lgica forja asociaciones de movilidad sostenible con Urbeez y Green mobility"}]},{"@type":"WebSite","@id":"https:\/\/www.group-indigo.com\/es\/#website","url":"https:\/\/www.group-indigo.com\/es\/","name":"Groupe INDIGO","description":"","publisher":{"@id":"https:\/\/www.group-indigo.com\/es\/#organization"},"potentialAction":[{"@type":"SearchAction","target":{"@type":"EntryPoint","urlTemplate":"https:\/\/www.group-indigo.com\/es\/?s={search_term_string}"},"query-input":{"@type":"PropertyValueSpecification","valueRequired":true,"valueName":"search_term_string"}}],"inLanguage":"es"},{"@type":"Organization","@id":"https:\/\/www.group-indigo.com\/es\/#organization","name":"Groupe INDIGO","url":"https:\/\/www.group-indigo.com\/es\/","logo":{"@type":"ImageObject","inLanguage":"es","@id":"https:\/\/www.group-indigo.com\/es\/#\/schema\/logo\/image\/","url":"https:\/\/www.group-indigo.com\/wp-content\/uploads\/2026\/03\/login-logo.svg","contentUrl":"https:\/\/www.group-indigo.com\/wp-content\/uploads\/2026\/03\/login-logo.svg","width":223,"height":49,"caption":"Groupe INDIGO"},"image":{"@id":"https:\/\/www.group-indigo.com\/es\/#\/schema\/logo\/image\/"}},{"@type":"Person","@id":"https:\/\/www.group-indigo.com\/es\/#\/schema\/person\/93bd6142e944556b9912f16b648e199a","name":"Admin","sameAs":["http:\/\/www.group-indigo.com"]}]}},"_links":{"self":[{"href":"https:\/\/www.group-indigo.com\/es\/wp-json\/wp\/v2\/posts\/1100090941","targetHints":{"allow":["GET"]}}],"collection":[{"href":"https:\/\/www.group-indigo.com\/es\/wp-json\/wp\/v2\/posts"}],"about":[{"href":"https:\/\/www.group-indigo.com\/es\/wp-json\/wp\/v2\/types\/post"}],"author":[{"embeddable":true,"href":"https:\/\/www.group-indigo.com\/es\/wp-json\/wp\/v2\/users\/1"}],"replies":[{"embeddable":true,"href":"https:\/\/www.group-indigo.com\/es\/wp-json\/wp\/v2\/comments?post=1100090941"}],"version-history":[{"count":1,"href":"https:\/\/www.group-indigo.com\/es\/wp-json\/wp\/v2\/posts\/1100090941\/revisions"}],"predecessor-version":[{"id":1100090943,"href":"https:\/\/www.group-indigo.com\/es\/wp-json\/wp\/v2\/posts\/1100090941\/revisions\/1100090943"}],"wp:featuredmedia":[{"embeddable":true,"href":"https:\/\/www.group-indigo.com\/es\/wp-json\/wp\/v2\/media\/1100090942"}],"wp:attachment":[{"href":"https:\/\/www.group-indigo.com\/es\/wp-json\/wp\/v2\/media?parent=1100090941"}],"wp:term":[{"taxonomy":"category","embeddable":true,"href":"https:\/\/www.group-indigo.com\/es\/wp-json\/wp\/v2\/categories?post=1100090941"},{"taxonomy":"post_tag","embeddable":true,"href":"https:\/\/www.group-indigo.com\/es\/wp-json\/wp\/v2\/tags?post=1100090941"}],"curies":[{"name":"wp","href":"https:\/\/api.w.org\/{rel}","templated":true}]}}