{"id":1100091225,"date":"2016-07-06T15:40:26","date_gmt":"2016-07-06T13:40:26","guid":{"rendered":"https:\/\/www.group-indigo.com\/con-la-asociacion-chainon-manquant-indigo-lucha-contra-el-desperdicio-alimentario\/"},"modified":"2025-07-03T17:23:45","modified_gmt":"2025-07-03T15:23:45","slug":"con-la-asociacion-chainon-manquant-indigo-lucha-contra-el-desperdicio-alimentario","status":"publish","type":"post","link":"https:\/\/www.group-indigo.com\/es\/presse\/actualite\/con-la-asociacion-chainon-manquant-indigo-lucha-contra-el-desperdicio-alimentario\/","title":{"rendered":"Con la asociaci\u00f3n Cha\u00eenon Manquant, Indigo lucha contra el desperdicio alimentario"},"content":{"rendered":"\n<p><strong>Indigo se une a la asociaci\u00f3n Cha\u00eenon Manquant en un proyecto contra el desperdicio alimentario para ayudar a los m\u00e1s desfavorecidos.<\/strong><\/p>\n\n<p>Como parte de este apoyo, Indigo ofrece una plaza de aparcamiento en el parking March\u00e9 Saint-Honor\u00e9 de Par\u00eds, para facilitar la movilidad de los veh\u00edculos de la asociaci\u00f3n. Esta ubicaci\u00f3n estrat\u00e9gica en el coraz\u00f3n del primer distrito de la capital permitir\u00e1 a la asociaci\u00f3n optimizar sus actividades. <\/p>\n<div class=\"wp-block-image\">\n<figure class=\"aligncenter size-full\"><img decoding=\"async\" width=\"460\" height=\"400\" src=\"https:\/\/www.group-indigo.com\/wp-content\/uploads\/2016\/07\/image6-460x400-1.jpg\" alt=\"\" class=\"wp-image-1100068418\" srcset=\"https:\/\/www.group-indigo.com\/wp-content\/uploads\/2016\/07\/image6-460x400-1.jpg 460w, https:\/\/www.group-indigo.com\/wp-content\/uploads\/2016\/07\/image6-460x400-1-300x261.jpg 300w\" sizes=\"(max-width: 460px) 100vw, 460px\" \/><\/figure>\n<\/div>\n<p><\/p>\n\n<p>\u00a0<\/p>\n\n<p>Fundado en Par\u00eds en 2014, Le Cha\u00eenon Manquant es un proyecto de econom\u00eda colaborativa que pretende ayudar a los m\u00e1s desfavorecidos y luchar contra el desperdicio de alimentos. \u00bfDe qu\u00e9 manera? Recogiendo los excedentes de los profesionales de la alimentaci\u00f3n y redistribuy\u00e9ndolos entre las personas que m\u00e1s los necesitan.<br\/>Con sus camiones frigor\u00edficos, el equipo del Cha\u00eenon Manquant recorre la regi\u00f3n parisina en rondas diarias regulares, pero tambi\u00e9n durante grandes acontecimientos deportivos, musicales y de otro tipo.  <br\/>&gt; <a href=\"http:\/\/lechainon-manquant.fr\/\">M\u00e1s informaci\u00f3n sobre la asociaci\u00f3n Le Chainon Manquant<\/a><\/p>\n","protected":false},"excerpt":{"rendered":"<p>Indigo se une a la asociaci\u00f3n Cha\u00eenon Manquant en un proyecto contra el desperdicio alimentario para ayudar a los m\u00e1s desfavorecidos. Como parte de este apoyo, Indigo ofrece una plaza de aparcamiento en el parking March\u00e9 Saint-Honor\u00e9 de Par\u00eds, para facilitar la movilidad de los veh\u00edculos de la asociaci\u00f3n. Esta ubicaci\u00f3n estrat\u00e9gica en el coraz\u00f3n [&hellip;]<\/p>\n","protected":false},"author":1,"featured_media":0,"comment_status":"open","ping_status":"open","sticky":false,"template":"","format":"standard","meta":{"_acf_changed":false,"inline_featured_image":false,"footnotes":""},"categories":[66],"tags":[],"class_list":["post-1100091225","post","type-post","status-publish","format-standard","hentry","category-sin-categorizar"],"acf":[],"yoast_head":"<!-- This site is optimized with the Yoast SEO plugin v27.2 - https:\/\/yoast.com\/product\/yoast-seo-wordpress\/ -->\n<title>Con la asociaci\u00f3n Cha\u00eenon Manquant, Indigo lucha contra el desperdicio alimentario - Groupe INDIGO<\/title>\n<meta name=\"description\" content=\"Indigo se une a la asociaci\u00f3n Cha\u00eenon Manquant en un proyecto contra el desperdicio alimentario para ayudar a los m\u00e1s desfavorecidos. Como parte de este\" \/>\n<meta name=\"robots\" content=\"index, follow, max-snippet:-1, max-image-preview:large, max-video-preview:-1\" \/>\n<link rel=\"canonical\" href=\"https:\/\/www.group-indigo.com\/es\/presse\/actualite\/con-la-asociacion-chainon-manquant-indigo-lucha-contra-el-desperdicio-alimentario\/\" \/>\n<meta property=\"og:locale\" content=\"es_ES\" \/>\n<meta property=\"og:type\" content=\"article\" \/>\n<meta property=\"og:title\" content=\"Con la asociaci\u00f3n Cha\u00eenon Manquant, Indigo lucha contra el desperdicio alimentario - Groupe INDIGO\" \/>\n<meta property=\"og:description\" content=\"Indigo se une a la asociaci\u00f3n Cha\u00eenon Manquant en un proyecto contra el desperdicio alimentario para ayudar a los m\u00e1s desfavorecidos. Como parte de este\" \/>\n<meta property=\"og:url\" content=\"https:\/\/www.group-indigo.com\/es\/presse\/actualite\/con-la-asociacion-chainon-manquant-indigo-lucha-contra-el-desperdicio-alimentario\/\" \/>\n<meta property=\"og:site_name\" content=\"Groupe INDIGO\" \/>\n<meta property=\"article:published_time\" content=\"2016-07-06T13:40:26+00:00\" \/>\n<meta property=\"article:modified_time\" content=\"2025-07-03T15:23:45+00:00\" \/>\n<meta property=\"og:image\" content=\"https:\/\/www.group-indigo.com\/wp-content\/uploads\/2016\/07\/image6-460x400-1.jpg\" \/>\n<meta name=\"author\" content=\"Admin\" \/>\n<meta name=\"twitter:card\" content=\"summary_large_image\" \/>\n<script type=\"application\/ld+json\" class=\"yoast-schema-graph\">{\"@context\":\"https:\/\/schema.org\",\"@graph\":[{\"@type\":\"Article\",\"@id\":\"https:\/\/www.group-indigo.com\/es\/presse\/actualite\/con-la-asociacion-chainon-manquant-indigo-lucha-contra-el-desperdicio-alimentario\/#article\",\"isPartOf\":{\"@id\":\"https:\/\/www.group-indigo.com\/es\/presse\/actualite\/con-la-asociacion-chainon-manquant-indigo-lucha-contra-el-desperdicio-alimentario\/\"},\"author\":{\"name\":\"Admin\",\"@id\":\"https:\/\/www.group-indigo.com\/es\/#\/schema\/person\/93bd6142e944556b9912f16b648e199a\"},\"headline\":\"Con la asociaci\u00f3n Cha\u00eenon Manquant, Indigo lucha contra el desperdicio alimentario\",\"datePublished\":\"2016-07-06T13:40:26+00:00\",\"dateModified\":\"2025-07-03T15:23:45+00:00\",\"mainEntityOfPage\":{\"@id\":\"https:\/\/www.group-indigo.com\/es\/presse\/actualite\/con-la-asociacion-chainon-manquant-indigo-lucha-contra-el-desperdicio-alimentario\/\"},\"wordCount\":190,\"commentCount\":0,\"publisher\":{\"@id\":\"https:\/\/www.group-indigo.com\/es\/#organization\"},\"image\":{\"@id\":\"https:\/\/www.group-indigo.com\/es\/presse\/actualite\/con-la-asociacion-chainon-manquant-indigo-lucha-contra-el-desperdicio-alimentario\/#primaryimage\"},\"thumbnailUrl\":\"https:\/\/www.group-indigo.com\/wp-content\/uploads\/2016\/07\/image6-460x400-1.jpg\",\"articleSection\":[\"Sin categorizar\"],\"inLanguage\":\"es\"},{\"@type\":\"WebPage\",\"@id\":\"https:\/\/www.group-indigo.com\/es\/presse\/actualite\/con-la-asociacion-chainon-manquant-indigo-lucha-contra-el-desperdicio-alimentario\/\",\"url\":\"https:\/\/www.group-indigo.com\/es\/presse\/actualite\/con-la-asociacion-chainon-manquant-indigo-lucha-contra-el-desperdicio-alimentario\/\",\"name\":\"Con la asociaci\u00f3n Cha\u00eenon Manquant, Indigo lucha contra el desperdicio alimentario - Groupe INDIGO\",\"isPartOf\":{\"@id\":\"https:\/\/www.group-indigo.com\/es\/#website\"},\"primaryImageOfPage\":{\"@id\":\"https:\/\/www.group-indigo.com\/es\/presse\/actualite\/con-la-asociacion-chainon-manquant-indigo-lucha-contra-el-desperdicio-alimentario\/#primaryimage\"},\"image\":{\"@id\":\"https:\/\/www.group-indigo.com\/es\/presse\/actualite\/con-la-asociacion-chainon-manquant-indigo-lucha-contra-el-desperdicio-alimentario\/#primaryimage\"},\"thumbnailUrl\":\"https:\/\/www.group-indigo.com\/wp-content\/uploads\/2016\/07\/image6-460x400-1.jpg\",\"datePublished\":\"2016-07-06T13:40:26+00:00\",\"dateModified\":\"2025-07-03T15:23:45+00:00\",\"description\":\"Indigo se une a la asociaci\u00f3n Cha\u00eenon Manquant en un proyecto contra el desperdicio alimentario para ayudar a los m\u00e1s desfavorecidos. Como parte de este\",\"breadcrumb\":{\"@id\":\"https:\/\/www.group-indigo.com\/es\/presse\/actualite\/con-la-asociacion-chainon-manquant-indigo-lucha-contra-el-desperdicio-alimentario\/#breadcrumb\"},\"inLanguage\":\"es\",\"potentialAction\":[{\"@type\":\"ReadAction\",\"target\":[\"https:\/\/www.group-indigo.com\/es\/presse\/actualite\/con-la-asociacion-chainon-manquant-indigo-lucha-contra-el-desperdicio-alimentario\/\"]}]},{\"@type\":\"ImageObject\",\"inLanguage\":\"es\",\"@id\":\"https:\/\/www.group-indigo.com\/es\/presse\/actualite\/con-la-asociacion-chainon-manquant-indigo-lucha-contra-el-desperdicio-alimentario\/#primaryimage\",\"url\":\"https:\/\/www.group-indigo.com\/wp-content\/uploads\/2016\/07\/image6-460x400-1.jpg\",\"contentUrl\":\"https:\/\/www.group-indigo.com\/wp-content\/uploads\/2016\/07\/image6-460x400-1.jpg\"},{\"@type\":\"BreadcrumbList\",\"@id\":\"https:\/\/www.group-indigo.com\/es\/presse\/actualite\/con-la-asociacion-chainon-manquant-indigo-lucha-contra-el-desperdicio-alimentario\/#breadcrumb\",\"itemListElement\":[{\"@type\":\"ListItem\",\"position\":1,\"name\":\"Home\",\"item\":\"https:\/\/www.group-indigo.com\/es\/\"},{\"@type\":\"ListItem\",\"position\":2,\"name\":\"Con la asociaci\u00f3n Cha\u00eenon Manquant, Indigo lucha contra el desperdicio alimentario\"}]},{\"@type\":\"WebSite\",\"@id\":\"https:\/\/www.group-indigo.com\/es\/#website\",\"url\":\"https:\/\/www.group-indigo.com\/es\/\",\"name\":\"Groupe INDIGO\",\"description\":\"\",\"publisher\":{\"@id\":\"https:\/\/www.group-indigo.com\/es\/#organization\"},\"potentialAction\":[{\"@type\":\"SearchAction\",\"target\":{\"@type\":\"EntryPoint\",\"urlTemplate\":\"https:\/\/www.group-indigo.com\/es\/?s={search_term_string}\"},\"query-input\":{\"@type\":\"PropertyValueSpecification\",\"valueRequired\":true,\"valueName\":\"search_term_string\"}}],\"inLanguage\":\"es\"},{\"@type\":\"Organization\",\"@id\":\"https:\/\/www.group-indigo.com\/es\/#organization\",\"name\":\"Groupe INDIGO\",\"url\":\"https:\/\/www.group-indigo.com\/es\/\",\"logo\":{\"@type\":\"ImageObject\",\"inLanguage\":\"es\",\"@id\":\"https:\/\/www.group-indigo.com\/es\/#\/schema\/logo\/image\/\",\"url\":\"https:\/\/www.group-indigo.com\/wp-content\/uploads\/2026\/03\/login-logo.svg\",\"contentUrl\":\"https:\/\/www.group-indigo.com\/wp-content\/uploads\/2026\/03\/login-logo.svg\",\"width\":223,\"height\":49,\"caption\":\"Groupe INDIGO\"},\"image\":{\"@id\":\"https:\/\/www.group-indigo.com\/es\/#\/schema\/logo\/image\/\"}},{\"@type\":\"Person\",\"@id\":\"https:\/\/www.group-indigo.com\/es\/#\/schema\/person\/93bd6142e944556b9912f16b648e199a\",\"name\":\"Admin\",\"sameAs\":[\"http:\/\/www.group-indigo.com\"]}]}<\/script>\n<!-- \/ Yoast SEO plugin. -->","yoast_head_json":{"title":"Con la asociaci\u00f3n Cha\u00eenon Manquant, Indigo lucha contra el desperdicio alimentario - Groupe INDIGO","description":"Indigo se une a la asociaci\u00f3n Cha\u00eenon Manquant en un proyecto contra el desperdicio alimentario para ayudar a los m\u00e1s desfavorecidos. Como parte de este","robots":{"index":"index","follow":"follow","max-snippet":"max-snippet:-1","max-image-preview":"max-image-preview:large","max-video-preview":"max-video-preview:-1"},"canonical":"https:\/\/www.group-indigo.com\/es\/presse\/actualite\/con-la-asociacion-chainon-manquant-indigo-lucha-contra-el-desperdicio-alimentario\/","og_locale":"es_ES","og_type":"article","og_title":"Con la asociaci\u00f3n Cha\u00eenon Manquant, Indigo lucha contra el desperdicio alimentario - Groupe INDIGO","og_description":"Indigo se une a la asociaci\u00f3n Cha\u00eenon Manquant en un proyecto contra el desperdicio alimentario para ayudar a los m\u00e1s desfavorecidos. Como parte de este","og_url":"https:\/\/www.group-indigo.com\/es\/presse\/actualite\/con-la-asociacion-chainon-manquant-indigo-lucha-contra-el-desperdicio-alimentario\/","og_site_name":"Groupe INDIGO","article_published_time":"2016-07-06T13:40:26+00:00","article_modified_time":"2025-07-03T15:23:45+00:00","og_image":[{"url":"https:\/\/www.group-indigo.com\/wp-content\/uploads\/2016\/07\/image6-460x400-1.jpg","type":"","width":"","height":""}],"author":"Admin","twitter_card":"summary_large_image","schema":{"@context":"https:\/\/schema.org","@graph":[{"@type":"Article","@id":"https:\/\/www.group-indigo.com\/es\/presse\/actualite\/con-la-asociacion-chainon-manquant-indigo-lucha-contra-el-desperdicio-alimentario\/#article","isPartOf":{"@id":"https:\/\/www.group-indigo.com\/es\/presse\/actualite\/con-la-asociacion-chainon-manquant-indigo-lucha-contra-el-desperdicio-alimentario\/"},"author":{"name":"Admin","@id":"https:\/\/www.group-indigo.com\/es\/#\/schema\/person\/93bd6142e944556b9912f16b648e199a"},"headline":"Con la asociaci\u00f3n Cha\u00eenon Manquant, Indigo lucha contra el desperdicio alimentario","datePublished":"2016-07-06T13:40:26+00:00","dateModified":"2025-07-03T15:23:45+00:00","mainEntityOfPage":{"@id":"https:\/\/www.group-indigo.com\/es\/presse\/actualite\/con-la-asociacion-chainon-manquant-indigo-lucha-contra-el-desperdicio-alimentario\/"},"wordCount":190,"commentCount":0,"publisher":{"@id":"https:\/\/www.group-indigo.com\/es\/#organization"},"image":{"@id":"https:\/\/www.group-indigo.com\/es\/presse\/actualite\/con-la-asociacion-chainon-manquant-indigo-lucha-contra-el-desperdicio-alimentario\/#primaryimage"},"thumbnailUrl":"https:\/\/www.group-indigo.com\/wp-content\/uploads\/2016\/07\/image6-460x400-1.jpg","articleSection":["Sin categorizar"],"inLanguage":"es"},{"@type":"WebPage","@id":"https:\/\/www.group-indigo.com\/es\/presse\/actualite\/con-la-asociacion-chainon-manquant-indigo-lucha-contra-el-desperdicio-alimentario\/","url":"https:\/\/www.group-indigo.com\/es\/presse\/actualite\/con-la-asociacion-chainon-manquant-indigo-lucha-contra-el-desperdicio-alimentario\/","name":"Con la asociaci\u00f3n Cha\u00eenon Manquant, Indigo lucha contra el desperdicio alimentario - Groupe INDIGO","isPartOf":{"@id":"https:\/\/www.group-indigo.com\/es\/#website"},"primaryImageOfPage":{"@id":"https:\/\/www.group-indigo.com\/es\/presse\/actualite\/con-la-asociacion-chainon-manquant-indigo-lucha-contra-el-desperdicio-alimentario\/#primaryimage"},"image":{"@id":"https:\/\/www.group-indigo.com\/es\/presse\/actualite\/con-la-asociacion-chainon-manquant-indigo-lucha-contra-el-desperdicio-alimentario\/#primaryimage"},"thumbnailUrl":"https:\/\/www.group-indigo.com\/wp-content\/uploads\/2016\/07\/image6-460x400-1.jpg","datePublished":"2016-07-06T13:40:26+00:00","dateModified":"2025-07-03T15:23:45+00:00","description":"Indigo se une a la asociaci\u00f3n Cha\u00eenon Manquant en un proyecto contra el desperdicio alimentario para ayudar a los m\u00e1s desfavorecidos. Como parte de este","breadcrumb":{"@id":"https:\/\/www.group-indigo.com\/es\/presse\/actualite\/con-la-asociacion-chainon-manquant-indigo-lucha-contra-el-desperdicio-alimentario\/#breadcrumb"},"inLanguage":"es","potentialAction":[{"@type":"ReadAction","target":["https:\/\/www.group-indigo.com\/es\/presse\/actualite\/con-la-asociacion-chainon-manquant-indigo-lucha-contra-el-desperdicio-alimentario\/"]}]},{"@type":"ImageObject","inLanguage":"es","@id":"https:\/\/www.group-indigo.com\/es\/presse\/actualite\/con-la-asociacion-chainon-manquant-indigo-lucha-contra-el-desperdicio-alimentario\/#primaryimage","url":"https:\/\/www.group-indigo.com\/wp-content\/uploads\/2016\/07\/image6-460x400-1.jpg","contentUrl":"https:\/\/www.group-indigo.com\/wp-content\/uploads\/2016\/07\/image6-460x400-1.jpg"},{"@type":"BreadcrumbList","@id":"https:\/\/www.group-indigo.com\/es\/presse\/actualite\/con-la-asociacion-chainon-manquant-indigo-lucha-contra-el-desperdicio-alimentario\/#breadcrumb","itemListElement":[{"@type":"ListItem","position":1,"name":"Home","item":"https:\/\/www.group-indigo.com\/es\/"},{"@type":"ListItem","position":2,"name":"Con la asociaci\u00f3n Cha\u00eenon Manquant, Indigo lucha contra el desperdicio alimentario"}]},{"@type":"WebSite","@id":"https:\/\/www.group-indigo.com\/es\/#website","url":"https:\/\/www.group-indigo.com\/es\/","name":"Groupe INDIGO","description":"","publisher":{"@id":"https:\/\/www.group-indigo.com\/es\/#organization"},"potentialAction":[{"@type":"SearchAction","target":{"@type":"EntryPoint","urlTemplate":"https:\/\/www.group-indigo.com\/es\/?s={search_term_string}"},"query-input":{"@type":"PropertyValueSpecification","valueRequired":true,"valueName":"search_term_string"}}],"inLanguage":"es"},{"@type":"Organization","@id":"https:\/\/www.group-indigo.com\/es\/#organization","name":"Groupe INDIGO","url":"https:\/\/www.group-indigo.com\/es\/","logo":{"@type":"ImageObject","inLanguage":"es","@id":"https:\/\/www.group-indigo.com\/es\/#\/schema\/logo\/image\/","url":"https:\/\/www.group-indigo.com\/wp-content\/uploads\/2026\/03\/login-logo.svg","contentUrl":"https:\/\/www.group-indigo.com\/wp-content\/uploads\/2026\/03\/login-logo.svg","width":223,"height":49,"caption":"Groupe INDIGO"},"image":{"@id":"https:\/\/www.group-indigo.com\/es\/#\/schema\/logo\/image\/"}},{"@type":"Person","@id":"https:\/\/www.group-indigo.com\/es\/#\/schema\/person\/93bd6142e944556b9912f16b648e199a","name":"Admin","sameAs":["http:\/\/www.group-indigo.com"]}]}},"_links":{"self":[{"href":"https:\/\/www.group-indigo.com\/es\/wp-json\/wp\/v2\/posts\/1100091225","targetHints":{"allow":["GET"]}}],"collection":[{"href":"https:\/\/www.group-indigo.com\/es\/wp-json\/wp\/v2\/posts"}],"about":[{"href":"https:\/\/www.group-indigo.com\/es\/wp-json\/wp\/v2\/types\/post"}],"author":[{"embeddable":true,"href":"https:\/\/www.group-indigo.com\/es\/wp-json\/wp\/v2\/users\/1"}],"replies":[{"embeddable":true,"href":"https:\/\/www.group-indigo.com\/es\/wp-json\/wp\/v2\/comments?post=1100091225"}],"version-history":[{"count":1,"href":"https:\/\/www.group-indigo.com\/es\/wp-json\/wp\/v2\/posts\/1100091225\/revisions"}],"predecessor-version":[{"id":1100091226,"href":"https:\/\/www.group-indigo.com\/es\/wp-json\/wp\/v2\/posts\/1100091225\/revisions\/1100091226"}],"wp:attachment":[{"href":"https:\/\/www.group-indigo.com\/es\/wp-json\/wp\/v2\/media?parent=1100091225"}],"wp:term":[{"taxonomy":"category","embeddable":true,"href":"https:\/\/www.group-indigo.com\/es\/wp-json\/wp\/v2\/categories?post=1100091225"},{"taxonomy":"post_tag","embeddable":true,"href":"https:\/\/www.group-indigo.com\/es\/wp-json\/wp\/v2\/tags?post=1100091225"}],"curies":[{"name":"wp","href":"https:\/\/api.w.org\/{rel}","templated":true}]}}